{"id":4542,"date":"2018-12-04T16:25:48","date_gmt":"2018-12-04T21:25:48","guid":{"rendered":"http:\/\/derechosinfronteras.pe\/?p=4321"},"modified":"2018-12-04T16:25:48","modified_gmt":"2018-12-04T21:25:48","slug":"alerta-espinar-estaria-consumiendo-agua-potable-con-metales-toxicos","status":"publish","type":"post","link":"https:\/\/derechosinfronteras.pe\/ingles\/alerta-espinar-estaria-consumiendo-agua-potable-con-metales-toxicos\/","title":{"rendered":"Alerta: Espinar estar\u00eda consumiendo &#8216;agua potable&#8217; con metales t\u00f3xicos"},"content":{"rendered":"<p>El \u00faltimo martes 27 de noviembre, la <strong>Direcci\u00f3n Regional de Salud Cusco<\/strong> emiti\u00f3 una <strong>ALERTA<\/strong> a las autoridades locales de Espinar, indicando que, al realizar el an\u00e1lisis de agua para <strong>CONSUMO HUMANO<\/strong>\u00a0encontraron alto contenido de metales y metaloides t\u00f3xicos, tales como el Ars\u00e9nico, Aluminio, Hierro y Manganeso.<\/p>\n<p>Cabe resaltar que la provincia cusque\u00f1a cuenta con una planta de tratamiento de agua potable &#8216;<strong>Virgen de Chapi&#8217;<\/strong>, sin embargo, estos resultados son realmente alarmantes, tal como lo indica el mismo informe, el cual se\u00f1ala que la afectaci\u00f3n a la salud es alta y podr\u00eda <strong>incrementar la anemia y la desnutrici\u00f3n cr\u00f3nica en ni\u00f1os menores de 5 a\u00f1os<\/strong>.<\/p>\n<p><strong>La Organizaci\u00f3n Mundial de la Salud (OMS)<\/strong>\u00a0reconoce al Ars\u00e9nico como un metal que puede producir c\u00e1ncer a la piel y el pulm\u00f3n, y diversas investigaciones internacionales indican que los otros metales son da\u00f1inos y peligrosos y pueden provocar Alzheimer, enfermedad de Parkinson, y c\u00e1ncer al pulm\u00f3n.<\/p>\n<p>Cabe resaltar que Espinar recibe un presupuesto de un promedio de 60 a 80 millones anuales por todos sus ingresos (canon, regal\u00eda minera y gas\u00edfera, Fondo de Compensaci\u00f3n Municipal \/FONCOMUN, entre otros). Nos preocupa que sus autoridades no est\u00e9n considerando la problem\u00e1tica de metales t\u00f3xicos para mejorar e implementar tecnolog\u00edas para la construcci\u00f3n de una planta de tratamiento adecuada que permita garantizar la calidad de vida de la provincia.<\/p>\n<p><img fetchpriority=\"high\" decoding=\"async\" class=\"aligncenter wp-image-4325 size-large\" src=\"http:\/\/derechosinfronteras.pe\/wp-content\/uploads\/2018\/12\/WhatsApp-Image-2018-12-04-at-2.19.06-PM-747x1024.jpeg\" alt=\"\" width=\"747\" height=\"1024\" \/><\/p>\n<div class=\"fb-video\" data-allowfullscreen=\"true\" data-href=\"https:\/\/www.facebook.com\/derechossinfronteras.pe\/videos\/1408068479328042\/\" style=\"background-color: #fff; display: inline-block;\"><\/div>","protected":false},"excerpt":{"rendered":"<p>El \u00faltimo martes 27 de noviembre, la Direcci\u00f3n Regional de Salud Cusco emiti\u00f3 una ALERTA a las autoridades locales de Espinar, indicando que, al realizar el an\u00e1lisis de agua para CONSUMO HUMANO\u00a0encontraron alto contenido de metales y metaloides t\u00f3xicos, tales como el Ars\u00e9nico, Aluminio, Hierro y Manganeso. Cabe resaltar que la provincia cusque\u00f1a cuenta con [&hellip;]<\/p>\n","protected":false},"author":1,"featured_media":4543,"comment_status":"open","ping_status":"open","sticky":false,"template":"","format":"standard","meta":{"_monsterinsights_skip_tracking":false,"_monsterinsights_sitenote_active":false,"_monsterinsights_sitenote_note":"","_monsterinsights_sitenote_category":0,"_jetpack_memberships_contains_paid_content":false,"footnotes":"","jetpack_publicize_message":"","jetpack_publicize_feature_enabled":true,"jetpack_social_post_already_shared":false,"jetpack_social_options":{"image_generator_settings":{"template":"highway","default_image_id":0,"font":"","enabled":false},"version":2}},"categories":[1],"tags":[],"class_list":["post-4542","post","type-post","status-publish","format-standard","has-post-thumbnail","hentry","category-sin-categoria"],"blocksy_meta":[],"jetpack_publicize_connections":[],"jetpack_featured_media_url":"https:\/\/derechosinfronteras.pe\/wp-content\/uploads\/2018\/12\/Agua-Potable-en-Espinar-e1543958684293.jpg","jetpack_sharing_enabled":true,"jetpack_likes_enabled":true,"_links":{"self":[{"href":"https:\/\/derechosinfronteras.pe\/ingles\/wp-json\/wp\/v2\/posts\/4542","targetHints":{"allow":["GET"]}}],"collection":[{"href":"https:\/\/derechosinfronteras.pe\/ingles\/wp-json\/wp\/v2\/posts"}],"about":[{"href":"https:\/\/derechosinfronteras.pe\/ingles\/wp-json\/wp\/v2\/types\/post"}],"author":[{"embeddable":true,"href":"https:\/\/derechosinfronteras.pe\/ingles\/wp-json\/wp\/v2\/users\/1"}],"replies":[{"embeddable":true,"href":"https:\/\/derechosinfronteras.pe\/ingles\/wp-json\/wp\/v2\/comments?post=4542"}],"version-history":[{"count":0,"href":"https:\/\/derechosinfronteras.pe\/ingles\/wp-json\/wp\/v2\/posts\/4542\/revisions"}],"wp:featuredmedia":[{"embeddable":true,"href":"https:\/\/derechosinfronteras.pe\/ingles\/wp-json\/wp\/v2\/media\/4543"}],"wp:attachment":[{"href":"https:\/\/derechosinfronteras.pe\/ingles\/wp-json\/wp\/v2\/media?parent=4542"}],"wp:term":[{"taxonomy":"category","embeddable":true,"href":"https:\/\/derechosinfronteras.pe\/ingles\/wp-json\/wp\/v2\/categories?post=4542"},{"taxonomy":"post_tag","embeddable":true,"href":"https:\/\/derechosinfronteras.pe\/ingles\/wp-json\/wp\/v2\/tags?post=4542"}],"curies":[{"name":"wp","href":"https:\/\/api.w.org\/{rel}","templated":true}]}}