{"id":4544,"date":"2018-11-30T12:46:23","date_gmt":"2018-11-30T17:46:23","guid":{"rendered":"http:\/\/derechosinfronteras.pe\/?p=4317"},"modified":"2018-11-30T12:46:23","modified_gmt":"2018-11-30T17:46:23","slug":"comision-de-pueblos-indigenas-del-congreso-de-la-republica-realizara-audiencia-descentralizada-en-espinar","status":"publish","type":"post","link":"https:\/\/derechosinfronteras.pe\/ingles\/comision-de-pueblos-indigenas-del-congreso-de-la-republica-realizara-audiencia-descentralizada-en-espinar\/","title":{"rendered":"Comisi\u00f3n de Pueblos Ind\u00edgenas del Congreso de la Rep\u00fablica realizar\u00e1 audiencia descentralizada en Espinar"},"content":{"rendered":"<p><strong>La Comisi\u00f3n de Pueblos Andinos, Amaz\u00f3nicos y Afroperuanos, Ambiente y Ecolog\u00eda, del Congreso de la Rep\u00fablica<\/strong> que preside el congresista Wilbert Rozas, realizar\u00e1 este s\u00e1bado 1 de diciembre su primera sesi\u00f3n desconcentrada en la provincia cusque\u00f1a de<strong> Espinar<\/strong>.<\/p>\n<p>Las actividades comenzar\u00e1n desde las 10:30 a.m. con una Audiencia P\u00fablica en el auditorio de la Municipalidad Provincial de Espinar, que ser\u00e1 inaugurada por el alcalde Manuel Salinas. Durante la audiencia se presentar\u00e1 el informe del Marco Metodol\u00f3gico de criterios t\u00e9cnicos para la identificaci\u00f3n, delimitaci\u00f3n y zonificaci\u00f3n de las cabeceras de cuenca a cargo de representantes de la Autoridad Nacional del Agua, Ministerio del Ambiente y el Ministerio de Energ\u00eda y Minas.<\/p>\n<p>Posteriormente, visitar\u00e1n la comunidad de Huancan\u00e9, donde se dialogar\u00e1 sobre las normas que regulan los pasivos ambientales y la remediaci\u00f3n, as\u00ed como la propuesta de ley sobre la prevenci\u00f3n y atenci\u00f3n de la salud por contaminaci\u00f3n de metales pesados.<\/p>\n<p>Es necesario recalcar que dicho tema cuenta con un dictamen de la Comisi\u00f3n de Salud del Congreso que re\u00fane los proyectos de los congresistas <strong>Wilbert Rozas y Oracio Pacori<\/strong>, y cuyo debate y aprobaci\u00f3n en el Pleno del Congreso se ha postergado, a pesar de le evidente situaci\u00f3n de afectaci\u00f3n a la salud por metales t\u00f3xicos en diferentes regiones del pa\u00eds.<\/p>","protected":false},"excerpt":{"rendered":"<p>La Comisi\u00f3n de Pueblos Andinos, Amaz\u00f3nicos y Afroperuanos, Ambiente y Ecolog\u00eda, del Congreso de la Rep\u00fablica que preside el congresista Wilbert Rozas, realizar\u00e1 este s\u00e1bado 1 de diciembre su primera sesi\u00f3n desconcentrada en la provincia cusque\u00f1a de Espinar. Las actividades comenzar\u00e1n desde las 10:30 a.m. con una Audiencia P\u00fablica en el auditorio de la Municipalidad [&hellip;]<\/p>\n","protected":false},"author":1,"featured_media":4545,"comment_status":"open","ping_status":"open","sticky":false,"template":"","format":"standard","meta":{"_monsterinsights_skip_tracking":false,"_monsterinsights_sitenote_active":false,"_monsterinsights_sitenote_note":"","_monsterinsights_sitenote_category":0,"_jetpack_memberships_contains_paid_content":false,"footnotes":"","jetpack_publicize_message":"","jetpack_publicize_feature_enabled":true,"jetpack_social_post_already_shared":false,"jetpack_social_options":{"image_generator_settings":{"template":"highway","default_image_id":0,"font":"","enabled":false},"version":2}},"categories":[1],"tags":[],"class_list":["post-4544","post","type-post","status-publish","format-standard","has-post-thumbnail","hentry","category-sin-categoria"],"blocksy_meta":[],"jetpack_publicize_connections":[],"jetpack_featured_media_url":"https:\/\/derechosinfronteras.pe\/wp-content\/uploads\/2018\/11\/Congreso-e1543599954910.jpg","jetpack_sharing_enabled":true,"jetpack_likes_enabled":true,"_links":{"self":[{"href":"https:\/\/derechosinfronteras.pe\/ingles\/wp-json\/wp\/v2\/posts\/4544","targetHints":{"allow":["GET"]}}],"collection":[{"href":"https:\/\/derechosinfronteras.pe\/ingles\/wp-json\/wp\/v2\/posts"}],"about":[{"href":"https:\/\/derechosinfronteras.pe\/ingles\/wp-json\/wp\/v2\/types\/post"}],"author":[{"embeddable":true,"href":"https:\/\/derechosinfronteras.pe\/ingles\/wp-json\/wp\/v2\/users\/1"}],"replies":[{"embeddable":true,"href":"https:\/\/derechosinfronteras.pe\/ingles\/wp-json\/wp\/v2\/comments?post=4544"}],"version-history":[{"count":0,"href":"https:\/\/derechosinfronteras.pe\/ingles\/wp-json\/wp\/v2\/posts\/4544\/revisions"}],"wp:featuredmedia":[{"embeddable":true,"href":"https:\/\/derechosinfronteras.pe\/ingles\/wp-json\/wp\/v2\/media\/4545"}],"wp:attachment":[{"href":"https:\/\/derechosinfronteras.pe\/ingles\/wp-json\/wp\/v2\/media?parent=4544"}],"wp:term":[{"taxonomy":"category","embeddable":true,"href":"https:\/\/derechosinfronteras.pe\/ingles\/wp-json\/wp\/v2\/categories?post=4544"},{"taxonomy":"post_tag","embeddable":true,"href":"https:\/\/derechosinfronteras.pe\/ingles\/wp-json\/wp\/v2\/tags?post=4544"}],"curies":[{"name":"wp","href":"https:\/\/api.w.org\/{rel}","templated":true}]}}