{"id":4548,"date":"2018-11-28T18:32:17","date_gmt":"2018-11-28T23:32:17","guid":{"rendered":"http:\/\/derechosinfronteras.pe\/?p=4308"},"modified":"2018-11-28T18:32:17","modified_gmt":"2018-11-28T23:32:17","slug":"federacion-de-campesinos-de-espinar-sustentara-ante-el-consejo-de-mineria-en-lima-pedido-de-consulta-previa-del-proyecto-coroccohuayco","status":"publish","type":"post","link":"https:\/\/derechosinfronteras.pe\/ingles\/federacion-de-campesinos-de-espinar-sustentara-ante-el-consejo-de-mineria-en-lima-pedido-de-consulta-previa-del-proyecto-coroccohuayco\/","title":{"rendered":"Federaci\u00f3n de campesinos de Espinar sustentar\u00e1 ante el Consejo de Miner\u00eda en Lima pedido de consulta previa del proyecto Coroccohuayco"},"content":{"rendered":"<p><span style=\"font-size: 13.5pt; color: black;\">El 29 de noviembre del 2018, a partir de las 9:00 a.m., la Federaci\u00f3n Unificada de Campesinos de Espinar &#8211; FUCAE, sustentar\u00e1 su apelaci\u00f3n de la Segunda Modificaci\u00f3n del Estudio de Impacto Ambiental (MEIA) semidetallado del Proyecto de Exploraci\u00f3n Ccorocohuaycco, presentado por la compa\u00f1\u00eda Minera Glencore Antapaccay, que desarrolla sus acciones en la provincia cusque\u00f1a de Espinar.<\/span><\/p>\n<p style=\"font-variant-ligatures: normal; font-variant-caps: normal; orphans: 2; text-align: start; widows: 2; -webkit-text-stroke-width: 0px; text-decoration-style: initial; text-decoration-color: initial; word-spacing: 0px;\"><span style=\"font-size: 13.5pt; color: black;\">La Direcci\u00f3n General de Asuntos Ambientales y Mineros, del Ministerio de Energ\u00eda y Minas aprob\u00f3 la Segunda MEIA semidetallado del Proyecto de exploraci\u00f3n Ccorocohuaycco mediante Resoluci\u00f3n Directoral N\u00b0 135-2018-MEM-DGAAM del 16 de julio del 2018, decisi\u00f3n que resulta violatoria de normas de car\u00e1cter internacional y nacional de protecci\u00f3n de los derechos de los pueblos ind\u00edgenas.<\/span><\/p>\n<p style=\"font-variant-ligatures: normal; font-variant-caps: normal; orphans: 2; text-align: start; widows: 2; -webkit-text-stroke-width: 0px; text-decoration-style: initial; text-decoration-color: initial; word-spacing: 0px;\"><span style=\"font-size: 13.5pt; color: black;\">Es as\u00ed que previamente al acto administrativo de aprobaci\u00f3n de la Segunda MEIA, no se ha desarrollado la consulta previa a las comunidades campesinas asentadas en la zona de explotaci\u00f3n, desconociendo sus derechos territoriales, puesto que ya se han realizado actividades de exploraci\u00f3n minera antes de que la Segunda MEIA fuese aprobada.<\/span><\/p>\n<p style=\"font-variant-ligatures: normal; font-variant-caps: normal; orphans: 2; text-align: start; widows: 2; -webkit-text-stroke-width: 0px; text-decoration-style: initial; text-decoration-color: initial; word-spacing: 0px;\"><span style=\"font-size: 13.5pt; color: black;\">La FUCAE solicita en su apelaci\u00f3n se disponga la realizaci\u00f3n de la consulta previa a la aprobaci\u00f3n de la Segunda Modificaci\u00f3n del Estudio de Impacto Ambiental. Asimismo, se se\u00f1ala que no se puede convalidar la aprobaci\u00f3n del Estudio con el mecanismo de participaci\u00f3n ciudadana implementados solo en la comunidad de Huano Huano, dejando de lado a comunidades como Huini Ccorocohuaycco y Pacopata, cuyos territorios se ven afectados por el proyecto. Es importante recalcar que el derecho a la participaci\u00f3n ciudadana es un derecho distinto al de consulta previa que asiste a los pueblos ind\u00edgenas, asentados como comunidades campesinas en las zonas altoandinas de Cusco.<\/span><\/p>\n<p style=\"font-variant-ligatures: normal; font-variant-caps: normal; orphans: 2; text-align: start; widows: 2; -webkit-text-stroke-width: 0px; text-decoration-style: initial; text-decoration-color: initial; word-spacing: 0px;\"><span style=\"font-size: 13.5pt; color: black;\">La Audiencia se llevar\u00e1 a cabo a las 9:00 a.m. en el Consejo de Miner\u00eda, tribunal administrativo del Ministerio de Energ\u00eda y Minas, que resuelve en \u00faltima instancia todos los asuntos administrativos mineros, y est\u00e1 conformado por tres abogados y dos ingenieros.<\/span><\/p>","protected":false},"excerpt":{"rendered":"<p>El 29 de noviembre del 2018, a partir de las 9:00 a.m., la Federaci\u00f3n Unificada de Campesinos de Espinar &#8211; FUCAE, sustentar\u00e1 su apelaci\u00f3n de la Segunda Modificaci\u00f3n del Estudio de Impacto Ambiental (MEIA) semidetallado del Proyecto de Exploraci\u00f3n Ccorocohuaycco, presentado por la compa\u00f1\u00eda Minera Glencore Antapaccay, que desarrolla sus acciones en la provincia cusque\u00f1a [&hellip;]<\/p>\n","protected":false},"author":1,"featured_media":4549,"comment_status":"open","ping_status":"open","sticky":false,"template":"","format":"standard","meta":{"_monsterinsights_skip_tracking":false,"_monsterinsights_sitenote_active":false,"_monsterinsights_sitenote_note":"","_monsterinsights_sitenote_category":0,"_jetpack_memberships_contains_paid_content":false,"footnotes":"","jetpack_publicize_message":"","jetpack_publicize_feature_enabled":true,"jetpack_social_post_already_shared":false,"jetpack_social_options":{"image_generator_settings":{"template":"highway","default_image_id":0,"font":"","enabled":false},"version":2}},"categories":[1],"tags":[],"class_list":["post-4548","post","type-post","status-publish","format-standard","has-post-thumbnail","hentry","category-sin-categoria"],"blocksy_meta":[],"jetpack_publicize_connections":[],"jetpack_featured_media_url":"https:\/\/derechosinfronteras.pe\/wp-content\/uploads\/2018\/11\/FUCAE2.jpg","jetpack_sharing_enabled":true,"jetpack_likes_enabled":true,"_links":{"self":[{"href":"https:\/\/derechosinfronteras.pe\/ingles\/wp-json\/wp\/v2\/posts\/4548","targetHints":{"allow":["GET"]}}],"collection":[{"href":"https:\/\/derechosinfronteras.pe\/ingles\/wp-json\/wp\/v2\/posts"}],"about":[{"href":"https:\/\/derechosinfronteras.pe\/ingles\/wp-json\/wp\/v2\/types\/post"}],"author":[{"embeddable":true,"href":"https:\/\/derechosinfronteras.pe\/ingles\/wp-json\/wp\/v2\/users\/1"}],"replies":[{"embeddable":true,"href":"https:\/\/derechosinfronteras.pe\/ingles\/wp-json\/wp\/v2\/comments?post=4548"}],"version-history":[{"count":0,"href":"https:\/\/derechosinfronteras.pe\/ingles\/wp-json\/wp\/v2\/posts\/4548\/revisions"}],"wp:featuredmedia":[{"embeddable":true,"href":"https:\/\/derechosinfronteras.pe\/ingles\/wp-json\/wp\/v2\/media\/4549"}],"wp:attachment":[{"href":"https:\/\/derechosinfronteras.pe\/ingles\/wp-json\/wp\/v2\/media?parent=4548"}],"wp:term":[{"taxonomy":"category","embeddable":true,"href":"https:\/\/derechosinfronteras.pe\/ingles\/wp-json\/wp\/v2\/categories?post=4548"},{"taxonomy":"post_tag","embeddable":true,"href":"https:\/\/derechosinfronteras.pe\/ingles\/wp-json\/wp\/v2\/tags?post=4548"}],"curies":[{"name":"wp","href":"https:\/\/api.w.org\/{rel}","templated":true}]}}