{"id":4550,"date":"2018-11-28T13:47:48","date_gmt":"2018-11-28T18:47:48","guid":{"rendered":"http:\/\/derechosinfronteras.pe\/?p=4299"},"modified":"2023-12-28T20:54:13","modified_gmt":"2023-12-29T01:54:13","slug":"acciones-concretas-para-implementar-atencion-de-personas-expuestas-a-metales-pesados","status":"publish","type":"post","link":"https:\/\/derechosinfronteras.pe\/ingles\/acciones-concretas-para-implementar-atencion-de-personas-expuestas-a-metales-pesados\/","title":{"rendered":"Acciones concretas para implementar atenci\u00f3n de personas expuestas a metales pesados"},"content":{"rendered":"<p><strong>Se necesita un compromiso multisectorial y formal del Presidente de la Rep\u00fablica<\/strong><\/p>\n\n\n\n<p>El 25 de octubre del presente a\u00f1o fue publicado en el Diario Oficial El Peruano los \u201cLineamientos de Pol\u00edtica Sectorial para la Atenci\u00f3n Integral de las Personas Expuestas a Metales Pesados, Metaloides y Otras Sustancias Qu\u00edmicas\u201d, este documento t\u00e9cnico fue impulsado por el Ministerio de Salud (MINSA) ya que hasta la fecha hay alrededor de 4867 personas afectadas \u2013entre ellas muchos ni\u00f1os y ni\u00f1as- se encuentran expuestas a diversas fuentes de contaminaci\u00f3n, estas personas est\u00e1n en 17 regiones del pa\u00eds y en territorios de pueblos ind\u00edgenas.<\/p>\n\n\n\n<p>En reconocimiento a la complicada y preocupante situaci\u00f3n de estas poblaciones, la Plataforma Nacional de Personas Afectadas por Metales T\u00f3xicos conformada por organizaciones sociales e instituciones que reivindican el derecho a la salud y acompa\u00f1an las zonas d\u00f3nde se han denunciado caso de afectaciones, han emitido un pronunciamiento donde piden al gobierno se comprometan con la implementaci\u00f3n de estos lineamientos de pol\u00edtica p\u00fablica, esta respuesta debe ser multisectorial y articulada que debe partir de la Presidencia del Consejo de Ministros y el Presidente de la Rep\u00fablica.<\/p>\n\n\n\n<p>La preocupaci\u00f3n de los afectados y de las organizaciones sociales es que ya exista medidas de corto, mediano y largo plazo, \u201cconvertir los lineamientos en acciones concretas, con responsables, plazos, presupuestos, indicadores y priorizar por d\u00f3nde empezar\u201d, indica el pronunciamiento..<\/p>\n\n\n\n\n\n<p><em><strong>Participaci\u00f3n de los afectados y la Sociedad Civil<\/strong><\/em><\/p>\n\n\n\n<p>El pronunciamiento de la Plataforma Nacional de Personas Afectadas por Metales T\u00f3xicos tambi\u00e9n resalta la importancia de la participaci\u00f3n de la sociedad civil organizada mediante comit\u00e9s de vigilancia y monitoreo ambiental participativo, \u201cla poblaci\u00f3n necesita involucrarse de diversas formas\u201d, enfatizan.<\/p>\n\n\n\n<p>Al respecto la Bi\u00f3loga e integrante de <a href=\"https:\/\/www.facebook.com\/derechossinfronteras.pe\/?eid=ARD2lWjRLv-RxAQTjr27uPdhwLFK0S-vMGsGil989GmSbwp6gcAPP2FaA-bYGzSpD12E1eFGUmJPcTb4\" target=\"_blank\" rel=\"noopener\">Derechos Humanos Sin Fronteras (DHSF)<\/a>, Karem Luque indic\u00f3 que este documento de lineamientos ingres\u00f3 \u2013previamente- a un periodo de aportes y comentarios que deb\u00edan realizarse por la sociedad civil, en ese marco se promovieron talleres con las mismas organizaciones sociales de las zonas afectadas y as\u00ed se alcanzaron las observaciones de dicho documento.<\/p>\n\n\n\n<p><em>&nbsp;\u201cQueremos saludar al Ministerio de Salud y su equipo t\u00e9cnico por incluir nuestros aportes pero adem\u00e1s queremos solicitar que se haga efectivo tal mandato, poni\u00e9ndonos a disposici\u00f3n de dicha instancia para poder trabajar articuladamente por la salud de las comunidades afectadas por metales t\u00f3xicos\u201d<\/em>, indic\u00f3 Karem Luque<\/p>\n\n\n\n<p>Aqu\u00ed compartimos el comunicado colectivo publicado en el diario La Rep\u00fablica el d\u00eda domingo 25 respaldando la resoluci\u00f3n y pidiendo una inmediata implementaci\u00f3n de la misma:<\/p>\n\n\n\n<p><a style=\"text-decoration: underline;\" title=\"View La Rep\u00fablica 25 Noviembre 2018 on Scribd\" href=\"https:\/\/www.scribd.com\/document\/394394871\/La-Republica-25-Noviembre-2018#from_embed\" target=\"_blank\" rel=\"noopener\">La Rep\u00fablica 25 Noviembre 2018<\/a> by <a style=\"text-decoration: underline;\" title=\"View Derechos Humanos Cusco&#039;s profile on Scribd\" href=\"https:\/\/www.scribd.com\/user\/319042434\/Derechos-Humanos-Cusco#from_embed\" target=\"_blank\" rel=\"noopener\">Derechos Humanos Cusco<\/a> on Scribd<\/p>\n\n\n\n<p><iframe id=\"doc_28904\" class=\"scribd_iframe_embed\" title=\"La Rep\u00fablica 25 Noviembre 2018\" src=\"https:\/\/www.scribd.com\/embeds\/394394871\/content?start_page=1&amp;view_mode=scroll&amp;access_key=key-DOsB74EaaKgb6n9YqgG1&amp;show_recommendations=true\" width=\"100%\" height=\"600\" frameborder=\"0\" scrolling=\"no\" data-auto-height=\"false\" data-aspect-ratio=\"0.7361111111111112\"><\/iframe><\/p>\n\n\n<div class=\"fb-video\" data-allowfullscreen=\"true\" data-href=\"https:\/\/www.facebook.com\/derechossinfronteras.pe\/videos\/1408068479328042\/\" style=\"background-color: #fff; display: inline-block;\"><\/div>","protected":false},"excerpt":{"rendered":"<p>Se necesita un compromiso multisectorial y formal del Presidente de la Rep\u00fablica El 25 de octubre del presente a\u00f1o fue publicado en el Diario Oficial El Peruano los \u201cLineamientos de Pol\u00edtica Sectorial para la Atenci\u00f3n Integral de las Personas Expuestas a Metales Pesados, Metaloides y Otras Sustancias Qu\u00edmicas\u201d, este documento t\u00e9cnico fue impulsado por el [&hellip;]<\/p>\n","protected":false},"author":1,"featured_media":4551,"comment_status":"open","ping_status":"open","sticky":false,"template":"","format":"standard","meta":{"_monsterinsights_skip_tracking":false,"_monsterinsights_sitenote_active":false,"_monsterinsights_sitenote_note":"","_monsterinsights_sitenote_category":0,"_jetpack_memberships_contains_paid_content":false,"footnotes":"","jetpack_publicize_message":"","jetpack_publicize_feature_enabled":true,"jetpack_social_post_already_shared":false,"jetpack_social_options":{"image_generator_settings":{"template":"highway","default_image_id":0,"font":"","enabled":false},"version":2}},"categories":[1],"tags":[],"class_list":["post-4550","post","type-post","status-publish","format-standard","has-post-thumbnail","hentry","category-sin-categoria"],"blocksy_meta":[],"jetpack_publicize_connections":[],"jetpack_featured_media_url":"https:\/\/derechosinfronteras.pe\/wp-content\/uploads\/2018\/11\/Salud-Pronunciamientpo-e1543430598242.jpg","jetpack_sharing_enabled":true,"jetpack_likes_enabled":true,"_links":{"self":[{"href":"https:\/\/derechosinfronteras.pe\/ingles\/wp-json\/wp\/v2\/posts\/4550","targetHints":{"allow":["GET"]}}],"collection":[{"href":"https:\/\/derechosinfronteras.pe\/ingles\/wp-json\/wp\/v2\/posts"}],"about":[{"href":"https:\/\/derechosinfronteras.pe\/ingles\/wp-json\/wp\/v2\/types\/post"}],"author":[{"embeddable":true,"href":"https:\/\/derechosinfronteras.pe\/ingles\/wp-json\/wp\/v2\/users\/1"}],"replies":[{"embeddable":true,"href":"https:\/\/derechosinfronteras.pe\/ingles\/wp-json\/wp\/v2\/comments?post=4550"}],"version-history":[{"count":3,"href":"https:\/\/derechosinfronteras.pe\/ingles\/wp-json\/wp\/v2\/posts\/4550\/revisions"}],"predecessor-version":[{"id":7094,"href":"https:\/\/derechosinfronteras.pe\/ingles\/wp-json\/wp\/v2\/posts\/4550\/revisions\/7094"}],"wp:featuredmedia":[{"embeddable":true,"href":"https:\/\/derechosinfronteras.pe\/ingles\/wp-json\/wp\/v2\/media\/4551"}],"wp:attachment":[{"href":"https:\/\/derechosinfronteras.pe\/ingles\/wp-json\/wp\/v2\/media?parent=4550"}],"wp:term":[{"taxonomy":"category","embeddable":true,"href":"https:\/\/derechosinfronteras.pe\/ingles\/wp-json\/wp\/v2\/categories?post=4550"},{"taxonomy":"post_tag","embeddable":true,"href":"https:\/\/derechosinfronteras.pe\/ingles\/wp-json\/wp\/v2\/tags?post=4550"}],"curies":[{"name":"wp","href":"https:\/\/api.w.org\/{rel}","templated":true}]}}