{"id":4552,"date":"2018-11-22T16:27:09","date_gmt":"2018-11-22T21:27:09","guid":{"rendered":"http:\/\/derechosinfronteras.pe\/?p=4290"},"modified":"2018-11-22T16:27:09","modified_gmt":"2018-11-22T21:27:09","slug":"espinar-podria-contar-con-agua-potable-y-saneamiento-proyecto-debe-ser-aprobado-en-el-pleno-del-congreso","status":"publish","type":"post","link":"https:\/\/derechosinfronteras.pe\/ingles\/espinar-podria-contar-con-agua-potable-y-saneamiento-proyecto-debe-ser-aprobado-en-el-pleno-del-congreso\/","title":{"rendered":"Espinar podr\u00eda contar con agua potable y saneamiento, proyecto debe ser aprobado en el pleno del Congreso"},"content":{"rendered":"<p style=\"text-align: justify;\">En la Comisi\u00f3n de Vivienda del Congreso de la Rep\u00fablica, hoy jueves 22 de noviembre, se aprob\u00f3 por unanimidad el dictamen para que la poblaci\u00f3n de la provincia de Espinar cuente con agua potable, la iniciativa legislativa ha sido presentado por el congresista cusque\u00f1o, Wilbert Rozas y promovida por la Municipalidad Provincial de Espinar. El siguiente paso es que el dictamen se discuta en el pleno del Congreso.<\/p>\n<p style=\"text-align: justify;\">Este dictamen tiene el t\u00edtulo de \u201cPROYECTO LEY QUE DECLARA DE NECESIDAD P\u00daBLICA E INTER\u00c9S NACIONAL LA EJECUCI\u00d3N DEL PROYECTO MEJORAMIENTO Y AMPLIACI\u00d3N DEL SERVICIO DE AGUA POTABLE Y SANEAMIENTO DE LA CIUDAD DE ESPINAR, DISTRITO ESPINAR, PROVINCIA ESPINAR \u2013 CUSCO, AS\u00cd COMO LA EXPROPIACI\u00d3N DE LOS BIENES INMUEBLES PARA SU EJECUCI\u00d3N\u201d.<\/p>\n<blockquote><p>El objetivo del proyecto es dotar del servicio de agua potable y saneamiento durante las 24 horas del d\u00eda para Espinar, una iniciativa que permitir\u00e1 eliminar la contaminaci\u00f3n que provocan los efluentes sin tratamiento y que da\u00f1an a las cuencas de los r\u00edos Ca\u00f1ipia y Tucsamayo<\/p><\/blockquote>\n<h3 style=\"text-align: justify;\">La problem\u00e1tica del agua en Espinar<\/h3>\n<p style=\"text-align: justify;\">Tal como se indica en el proyecto ley, \u201clos sistemas de almacenamiento de agua son insuficientes teniendo a la fecha un total de 2300 m3 de agua, sin embargo, la ciudad de Espinar requiere 400 m3\u201d. Esta situaci\u00f3n se debe porque la ciudad cuenta con una planta convencional cuya m\u00e1xima capacidad de tratamiento es de 90 litros por segundo en un periodo de 12 horas. La segunda planta requiere uso de energ\u00eda el\u00e9ctrica, lo cual resulta muy caro y solo tiene una capacidad de 40 litros por segundo.<\/p>\n<blockquote><p>La ciudad de Espinar requiere 134 litros por segundo para poder abastecer a todos los barrios y pueblos j\u00f3venes, son alrededor de 7557 predios que requieren conexiones domiciliarias de agua y desag\u00fce; adem\u00e1s falta la instalaci\u00f3n \u00a0de 11, 800 micro medidores para toda la ciudad.<\/p><\/blockquote>\n<h3 style=\"text-align: justify;\">Expropiaci\u00f3n de inmuebles para la ejecuci\u00f3n del proyecto<\/h3>\n<figure id=\"attachment_4293\" aria-describedby=\"caption-attachment-4293\" style=\"width: 300px\" class=\"wp-caption alignleft\"><img fetchpriority=\"high\" decoding=\"async\" class=\"wp-image-4293 size-medium\" src=\"http:\/\/derechosinfronteras.pe\/wp-content\/uploads\/2018\/11\/wilbert-300x241.jpg\" alt=\"\" width=\"300\" height=\"241\" \/><figcaption id=\"caption-attachment-4293\" class=\"wp-caption-text\">Congresista cusque\u00f1o, Wilbert Rozas Beltran<\/figcaption><\/figure>\n<p style=\"text-align: justify;\">El congresista Wilbert Rozas ha indicado \u00a0que para realizar este proyecto se necesitar\u00e1 disponer de los terrenos donde se encuentra la infraestructura de la planta. Para ello, el proyecto plantea facilitar el proceso de expropiaci\u00f3n de los terrenos afectados, cuyo financiamiento estar\u00e1 a cargo de la Municipalidad Provincial de Espinar.<\/p>\n<p style=\"text-align: justify;\">\u201cEste dictamen re\u00fane los proyectos de ley 3242 y 3615 presentados por mi despacho y la Municipalidad Provincial de Espinar. Esperamos que la Mesa Directiva del Congreso priorice su debate y aprobaci\u00f3n en el Pleno, para que la poblaci\u00f3n de Espinar pueda tener 20 a\u00f1os de servicio de agua potable y alcantarillado, para una poblaci\u00f3n que alcanzar\u00e1 71 mil habitantes\u201d, refiri\u00f3 el parlamentario cusque\u00f1o.<\/p>\n<p><strong>Aqu\u00ed puede descargar el Proyecto Ley:<\/strong><\/p>\n<p><iframe class=\"scribd_iframe_embed\" title=\"P.Ley que declara de necesidad p\u00fablica ejecuci\u00f3n de proyecto de mejoramiento y ampliaci\u00f3n del serv. de agua potable en Espinar\" src=\"https:\/\/www.scribd.com\/embeds\/387899770\/content?start_page=1&amp;view_mode=scroll&amp;show_recommendations=true&amp;access_key=key-KbBwtxJZNghA27nTdZbx\" width=\"400\" height=\"600\" frameborder=\"0\" scrolling=\"no\" data-auto-height=\"false\" data-aspect-ratio=\"null\"><\/iframe><\/p>\n<p>Foto Superior: Agencia Andina<\/p>","protected":false},"excerpt":{"rendered":"<p>En la Comisi\u00f3n de Vivienda del Congreso de la Rep\u00fablica, hoy jueves 22 de noviembre, se aprob\u00f3 por unanimidad el dictamen para que la poblaci\u00f3n de la provincia de Espinar cuente con agua potable, la iniciativa legislativa ha sido presentado por el congresista cusque\u00f1o, Wilbert Rozas y promovida por la Municipalidad Provincial de Espinar. El [&hellip;]<\/p>\n","protected":false},"author":1,"featured_media":4553,"comment_status":"open","ping_status":"open","sticky":false,"template":"","format":"standard","meta":{"_monsterinsights_skip_tracking":false,"_monsterinsights_sitenote_active":false,"_monsterinsights_sitenote_note":"","_monsterinsights_sitenote_category":0,"_jetpack_memberships_contains_paid_content":false,"footnotes":"","jetpack_publicize_message":"","jetpack_publicize_feature_enabled":true,"jetpack_social_post_already_shared":false,"jetpack_social_options":{"image_generator_settings":{"template":"highway","default_image_id":0,"font":"","enabled":false},"version":2}},"categories":[1],"tags":[],"class_list":["post-4552","post","type-post","status-publish","format-standard","has-post-thumbnail","hentry","category-sin-categoria"],"blocksy_meta":[],"jetpack_publicize_connections":[],"jetpack_featured_media_url":"https:\/\/derechosinfronteras.pe\/wp-content\/uploads\/2018\/11\/agua-potable.jpg","jetpack_sharing_enabled":true,"jetpack_likes_enabled":true,"_links":{"self":[{"href":"https:\/\/derechosinfronteras.pe\/ingles\/wp-json\/wp\/v2\/posts\/4552","targetHints":{"allow":["GET"]}}],"collection":[{"href":"https:\/\/derechosinfronteras.pe\/ingles\/wp-json\/wp\/v2\/posts"}],"about":[{"href":"https:\/\/derechosinfronteras.pe\/ingles\/wp-json\/wp\/v2\/types\/post"}],"author":[{"embeddable":true,"href":"https:\/\/derechosinfronteras.pe\/ingles\/wp-json\/wp\/v2\/users\/1"}],"replies":[{"embeddable":true,"href":"https:\/\/derechosinfronteras.pe\/ingles\/wp-json\/wp\/v2\/comments?post=4552"}],"version-history":[{"count":0,"href":"https:\/\/derechosinfronteras.pe\/ingles\/wp-json\/wp\/v2\/posts\/4552\/revisions"}],"wp:featuredmedia":[{"embeddable":true,"href":"https:\/\/derechosinfronteras.pe\/ingles\/wp-json\/wp\/v2\/media\/4553"}],"wp:attachment":[{"href":"https:\/\/derechosinfronteras.pe\/ingles\/wp-json\/wp\/v2\/media?parent=4552"}],"wp:term":[{"taxonomy":"category","embeddable":true,"href":"https:\/\/derechosinfronteras.pe\/ingles\/wp-json\/wp\/v2\/categories?post=4552"},{"taxonomy":"post_tag","embeddable":true,"href":"https:\/\/derechosinfronteras.pe\/ingles\/wp-json\/wp\/v2\/tags?post=4552"}],"curies":[{"name":"wp","href":"https:\/\/api.w.org\/{rel}","templated":true}]}}