{"id":4554,"date":"2018-11-19T10:56:54","date_gmt":"2018-11-19T15:56:54","guid":{"rendered":"http:\/\/derechosinfronteras.pe\/?p=4286"},"modified":"2018-11-19T10:56:54","modified_gmt":"2018-11-19T15:56:54","slug":"cnddhh-se-pronuncia-ante-solicitud-de-asilo-politico-de-alan-garcia","status":"publish","type":"post","link":"https:\/\/derechosinfronteras.pe\/ingles\/cnddhh-se-pronuncia-ante-solicitud-de-asilo-politico-de-alan-garcia\/","title":{"rendered":"CNDDHH se pronuncia ante solicitud de asilo pol\u00edtico de Alan Garc\u00eda"},"content":{"rendered":"<p><strong>COMUNICADO: LA COORDINADORA NACIONAL DE DERECHOS HUMANOS SE PRONUNCIA ANTE SOLICITUD DE ASILO POL\u00cdTICO DEL EX-PRESIDENTE ALAN GARC\u00cdA P\u00c9REZ PRESENTADO AL GOBIERNO DE LA REP\u00daBLICA DEL URUGUAY<\/strong><\/p>\n<p>Ante la informaci\u00f3n aparecida en diversos medios period\u00edsticos sobre la solicitud de asilo pol\u00edtico presentada por el ex-Presidente Alan Garc\u00eda P\u00e9rez al Gobierno de la Rep\u00fablica del Uruguay, la Coordinadora Nacional de Derechos Humanos (CNDDHH) se\u00f1ala a la opini\u00f3n p\u00fablica lo siguiente:<\/p>\n<p>1. En el Per\u00fa, el sistema de justicia, especialmente a trav\u00e9s de jueces y fiscales valientes y probos, ha emprendido una lucha frontal contra la corrupci\u00f3n, que en el caso LavaJato compromete la participaci\u00f3n de ex-mandatarios y altos funcionarios, entre otros.<\/p>\n<p>2. Los ex-mandatarios, ex-funcionarios y los partidos pol\u00edticos implicados en las investigaciones del Ministerio P\u00fablico vienen desplegado una sistem\u00e1tica labor de obstrucci\u00f3n a la justicia, especialmente a trav\u00e9s de su representaci\u00f3n en el Congreso de la Rep\u00fablica y tambi\u00e9n, a trav\u00e9s de operadores que act\u00faan al interior del sistema de justicia.<\/p>\n<p>3. En el caso del ex-presidente Alan Garc\u00eda P\u00e9rez, y el partido aprista, la obstrucci\u00f3n ha llegado al l\u00edmite de se\u00f1alar que en el Per\u00fa se ha producido un \u00abgolpe de estado\u00bb, y ahora, que se ha emprendido una campa\u00f1a de persecuci\u00f3n pol\u00edtica en contra del ex-mandatario, raz\u00f3n por la cual solicita asilo pol\u00edtico a la Rep\u00fablica del Uruguay.<\/p>\n<p>4. Respecto del asilo diplom\u00e1tico, la Convenci\u00f3n Interamericana sobre Asilo Diplom\u00e1tico, en su art. III, se\u00f1ala que \u00abno es l\u00edcito conceder asilo a personas que al tiempo de solicitarlo se encuentren inculpadas o procesadas en forma ante tribunales ordinarios competentes y por delitos comunes, o est\u00e9n condenadas por tales delitos y por dichos tribunales [&#8230;]\u00bb, como ocurre con el ex-manadatario actualmente investigado por el Ministerio P\u00fablico.<\/p>\n<p>5. El ex-presidente Garc\u00eda al ingresar a la residencia del embajador solicitando asilo incumple con la orden judicial de impedimento de salida del pa\u00eds, e incurre en el supuesto de peligro de fuga con el prop\u00f3sito de impedir la labor de la justicia. Este hecho amerita que la fiscal\u00eda solicite prisi\u00f3n preventiva por peligro de fuga para el ex-presidente Garc\u00eda.<\/p>\n<p>En este sentido, alertamos a la opini\u00f3n p\u00fablica nacional e internacional que en el Per\u00fa no hay persecuci\u00f3n pol\u00edtica, ni se ha producido una ruptura del estado de derecho, como alega el ex-presidente Garc\u00eda. Por el contrario, se ha emprendido una lucha frontal contra la corrupci\u00f3n, emprendida por mujeres y hombres que -desde el sistema de justicia- vienen actuando con diligencia, probidad y total respeto al debido proceso.<\/p>\n<p>Consideramos que la lucha frontal contra la corrupci\u00f3n y la impunidad no solo se debe dar internamente en los pa\u00edses de la regi\u00f3n sino a nivel internacional. Por esta raz\u00f3n exhortamos a la Rep\u00fablica de Uruguay no otorgue el asilo solicitado, por el ex-presidente Garc\u00eda, por carecer de todo sustento jur\u00eddico y pol\u00edtico.<\/p>\n<p>Finalmente, convocamos a la ciudadan\u00eda, sus organizaciones y colectivos, y a las fuerzas democr\u00e1ticas del pa\u00eds ha mantenerse firme y vigilante en apoyo a la justicia, especialmente a las mujeres y hombres, que desde su posici\u00f3n como jueces y fiscales, enfrentan a los grupos de poder y redes de corrupci\u00f3n implicados en el caso LavaJato.<\/p>\n<p style=\"text-align: right;\">Lima, 18 de noviembre del 2018<\/p>\n","protected":false},"excerpt":{"rendered":"<p>COMUNICADO: LA COORDINADORA NACIONAL DE DERECHOS HUMANOS SE PRONUNCIA ANTE SOLICITUD DE ASILO POL\u00cdTICO DEL EX-PRESIDENTE ALAN GARC\u00cdA P\u00c9REZ PRESENTADO AL GOBIERNO DE LA REP\u00daBLICA DEL URUGUAY Ante la informaci\u00f3n aparecida en diversos medios period\u00edsticos sobre la solicitud de asilo pol\u00edtico presentada por el ex-Presidente Alan Garc\u00eda P\u00e9rez al Gobierno de la Rep\u00fablica del Uruguay, [&hellip;]<\/p>\n","protected":false},"author":1,"featured_media":4555,"comment_status":"open","ping_status":"open","sticky":false,"template":"","format":"standard","meta":{"_monsterinsights_skip_tracking":false,"_monsterinsights_sitenote_active":false,"_monsterinsights_sitenote_note":"","_monsterinsights_sitenote_category":0,"_jetpack_memberships_contains_paid_content":false,"footnotes":"","jetpack_publicize_message":"","jetpack_publicize_feature_enabled":true,"jetpack_social_post_already_shared":false,"jetpack_social_options":{"image_generator_settings":{"template":"highway","default_image_id":0,"font":"","enabled":false},"version":2}},"categories":[1],"tags":[],"class_list":["post-4554","post","type-post","status-publish","format-standard","has-post-thumbnail","hentry","category-sin-categoria"],"blocksy_meta":[],"jetpack_publicize_connections":[],"jetpack_featured_media_url":"https:\/\/derechosinfronteras.pe\/wp-content\/uploads\/2018\/11\/AGP-e1542640890721.jpg","jetpack_sharing_enabled":true,"jetpack_likes_enabled":true,"_links":{"self":[{"href":"https:\/\/derechosinfronteras.pe\/ingles\/wp-json\/wp\/v2\/posts\/4554","targetHints":{"allow":["GET"]}}],"collection":[{"href":"https:\/\/derechosinfronteras.pe\/ingles\/wp-json\/wp\/v2\/posts"}],"about":[{"href":"https:\/\/derechosinfronteras.pe\/ingles\/wp-json\/wp\/v2\/types\/post"}],"author":[{"embeddable":true,"href":"https:\/\/derechosinfronteras.pe\/ingles\/wp-json\/wp\/v2\/users\/1"}],"replies":[{"embeddable":true,"href":"https:\/\/derechosinfronteras.pe\/ingles\/wp-json\/wp\/v2\/comments?post=4554"}],"version-history":[{"count":0,"href":"https:\/\/derechosinfronteras.pe\/ingles\/wp-json\/wp\/v2\/posts\/4554\/revisions"}],"wp:featuredmedia":[{"embeddable":true,"href":"https:\/\/derechosinfronteras.pe\/ingles\/wp-json\/wp\/v2\/media\/4555"}],"wp:attachment":[{"href":"https:\/\/derechosinfronteras.pe\/ingles\/wp-json\/wp\/v2\/media?parent=4554"}],"wp:term":[{"taxonomy":"category","embeddable":true,"href":"https:\/\/derechosinfronteras.pe\/ingles\/wp-json\/wp\/v2\/categories?post=4554"},{"taxonomy":"post_tag","embeddable":true,"href":"https:\/\/derechosinfronteras.pe\/ingles\/wp-json\/wp\/v2\/tags?post=4554"}],"curies":[{"name":"wp","href":"https:\/\/api.w.org\/{rel}","templated":true}]}}