{"id":4556,"date":"2018-11-16T15:51:34","date_gmt":"2018-11-16T20:51:34","guid":{"rendered":"http:\/\/derechosinfronteras.pe\/?p=4279"},"modified":"2018-11-16T15:51:34","modified_gmt":"2018-11-16T20:51:34","slug":"senace-recomienda-al-minem-realizar-consulta-previa-por-extension-de-proyecto-minero-de-glencore-antapaccay","status":"publish","type":"post","link":"https:\/\/derechosinfronteras.pe\/ingles\/senace-recomienda-al-minem-realizar-consulta-previa-por-extension-de-proyecto-minero-de-glencore-antapaccay\/","title":{"rendered":"SENACE recomienda al MINEM realizar consulta previa por extensi\u00f3n de proyecto minero de Glencore Antapaccay"},"content":{"rendered":"<p>Como es de conocimiento p\u00fablico, la transnacional \u2018Glencore\u2019 viene promoviendo la ampliaci\u00f3n de sus explotaciones mineras en la provincia cusque\u00f1a de Espinar, a trav\u00e9s de un proyecto denominado \u2018Antapaccay Expansi\u00f3n Tintaya Integraci\u00f3n Coroccohuayco\u2019. Ante esta situaci\u00f3n, el 03 de setiembre del presente a\u00f1o, las comunidades que se ver\u00edan afectadas por el mencionado proyecto, pidieron al Servicio Nacional de Certificaci\u00f3n Ambiental para las Inversiones Sostenibles (SENACE) que se realice un proceso de consulta previa, libre e informada, antes de que se apruebe la Modificaci\u00f3n del Estudio de Impacto Ambiental.<\/p>\n<p>Para el 03 de octubre, un mes despu\u00e9s, SENACE, organismo que est\u00e1 adscrito al Ministerio del Medio Ambiente, emiti\u00f3 una respuesta simultanea para todas las comunidades que solicitaron la consulta previa, que les corresponde por ley y convenios internacionales, por auto-identificarse como pueblos originarios.<\/p>\n<p>El documento se\u00f1ala algunas conclusiones: SENACE se\u00f1ala que no existe marco normativo que obligue a realizar consulta previa sobre EIA o MEIA durante la fase de evaluaci\u00f3n; SENACE se\u00f1ala que le corresponde a la Direcci\u00f3n General de Miner\u00eda del Ministerio de Energ\u00eda y Minas, ante la solicitud de Glencore Antapaccay de iniciar la fase de explotaci\u00f3n, realizar el proceso de consulta previa a las comunidades originarias de Espinar, en conformidad a la Ley N\u00b029785 y el Convenio N\u00b0169, que obligan a las entidades del Estado a consultar cuando van a afectar el territorio de los pueblos originarios a trav\u00e9s de una medida administrativa o legislativa.<\/p>\n<p>Finalmente, SENACE advierte que de ser necesaria alguna modificaci\u00f3n en el marco legal, es competencia del Viceministerio de Interculturalidad, por ser el \u00f3rgano t\u00e9cnico especializado en comunidades ind\u00edgenas, involucrarse en la promoci\u00f3n de cambios legislativos que implemente de manera adecuada la consulta previa.<\/p>\n<p style=\"margin: 12px auto 6px auto; font-family: Helvetica,Arial,Sans-serif; font-style: normal; font-variant: normal; font-weight: normal; font-size: 14px; line-height: normal; font-size-adjust: none; font-stretch: normal; -x-system-font: none; display: block;\"><a style=\"text-decoration: underline;\" title=\"View Respuesta de SENACE on Scribd\" href=\"https:\/\/www.scribd.com\/document\/393376999\/Respuesta-de-SENACE#from_embed\" target=\"_blank\" rel=\"noopener\">Respuesta de SENACE<\/a> by <a style=\"text-decoration: underline;\" title=\"View Derechos Humanos Cusco&#039;s profile on Scribd\" href=\"https:\/\/www.scribd.com\/user\/319042434\/Derechos-Humanos-Cusco#from_embed\" target=\"_blank\" rel=\"noopener\">Derechos Humanos Cusco<\/a> on Scribd<\/p>\n<p><iframe id=\"doc_5539\" class=\"scribd_iframe_embed\" title=\"Respuesta de SENACE\" src=\"https:\/\/www.scribd.com\/embeds\/393376999\/content?start_page=1&amp;view_mode=scroll&amp;access_key=key-dmuure091Q9AgStSWYkb&amp;show_recommendations=true\" width=\"100%\" height=\"600\" frameborder=\"0\" scrolling=\"no\" data-auto-height=\"false\" data-aspect-ratio=\"0.7074509803921568\"><\/iframe><\/p>\n<p><strong>Datos:<\/strong> A la fecha existen dos demandas de amparo en contra del MINEM, la primera presentada por la comunidad de Huisa, con el patrocinio legal de IDL y de APORVIDHA, la cual ya est\u00e1 para sentencia en el juzgado mixto de Yauri, La segunda demanda presentada por las comunidades campesinas de Alto Huarca, Alto Huancan\u00e9, Huini Coroccohuayco y Bajo Huancan\u00e9, sector Ccoccareta , con el respaldo de la Federaci\u00f3n Unificada de Campesinas de la Provincia de Espinar &#8211; FUCAE, con el patrocinio legal de IDL y de DHSF, con el apoyo t\u00e9cnico de CooperAcci\u00f3n.<\/p>","protected":false},"excerpt":{"rendered":"<p>Como es de conocimiento p\u00fablico, la transnacional \u2018Glencore\u2019 viene promoviendo la ampliaci\u00f3n de sus explotaciones mineras en la provincia cusque\u00f1a de Espinar, a trav\u00e9s de un proyecto denominado \u2018Antapaccay Expansi\u00f3n Tintaya Integraci\u00f3n Coroccohuayco\u2019. Ante esta situaci\u00f3n, el 03 de setiembre del presente a\u00f1o, las comunidades que se ver\u00edan afectadas por el mencionado proyecto, pidieron al [&hellip;]<\/p>\n","protected":false},"author":1,"featured_media":4557,"comment_status":"open","ping_status":"open","sticky":false,"template":"","format":"standard","meta":{"_monsterinsights_skip_tracking":false,"_monsterinsights_sitenote_active":false,"_monsterinsights_sitenote_note":"","_monsterinsights_sitenote_category":0,"_jetpack_memberships_contains_paid_content":false,"footnotes":"","jetpack_publicize_message":"","jetpack_publicize_feature_enabled":true,"jetpack_social_post_already_shared":false,"jetpack_social_options":{"image_generator_settings":{"template":"highway","default_image_id":0,"font":"","enabled":false},"version":2}},"categories":[1],"tags":[],"class_list":["post-4556","post","type-post","status-publish","format-standard","has-post-thumbnail","hentry","category-sin-categoria"],"blocksy_meta":[],"jetpack_publicize_connections":[],"jetpack_featured_media_url":"https:\/\/derechosinfronteras.pe\/wp-content\/uploads\/2018\/11\/SENACE-e1542401227282.jpg","jetpack_sharing_enabled":true,"jetpack_likes_enabled":true,"_links":{"self":[{"href":"https:\/\/derechosinfronteras.pe\/ingles\/wp-json\/wp\/v2\/posts\/4556","targetHints":{"allow":["GET"]}}],"collection":[{"href":"https:\/\/derechosinfronteras.pe\/ingles\/wp-json\/wp\/v2\/posts"}],"about":[{"href":"https:\/\/derechosinfronteras.pe\/ingles\/wp-json\/wp\/v2\/types\/post"}],"author":[{"embeddable":true,"href":"https:\/\/derechosinfronteras.pe\/ingles\/wp-json\/wp\/v2\/users\/1"}],"replies":[{"embeddable":true,"href":"https:\/\/derechosinfronteras.pe\/ingles\/wp-json\/wp\/v2\/comments?post=4556"}],"version-history":[{"count":0,"href":"https:\/\/derechosinfronteras.pe\/ingles\/wp-json\/wp\/v2\/posts\/4556\/revisions"}],"wp:featuredmedia":[{"embeddable":true,"href":"https:\/\/derechosinfronteras.pe\/ingles\/wp-json\/wp\/v2\/media\/4557"}],"wp:attachment":[{"href":"https:\/\/derechosinfronteras.pe\/ingles\/wp-json\/wp\/v2\/media?parent=4556"}],"wp:term":[{"taxonomy":"category","embeddable":true,"href":"https:\/\/derechosinfronteras.pe\/ingles\/wp-json\/wp\/v2\/categories?post=4556"},{"taxonomy":"post_tag","embeddable":true,"href":"https:\/\/derechosinfronteras.pe\/ingles\/wp-json\/wp\/v2\/tags?post=4556"}],"curies":[{"name":"wp","href":"https:\/\/api.w.org\/{rel}","templated":true}]}}