{"id":4558,"date":"2018-11-14T18:15:46","date_gmt":"2018-11-14T23:15:46","guid":{"rendered":"http:\/\/derechosinfronteras.pe\/?p=4275"},"modified":"2018-11-14T18:15:46","modified_gmt":"2018-11-14T23:15:46","slug":"chumbivilcas-inicia-juicio-oral-contra-ex-dirigentes-criminalizados","status":"publish","type":"post","link":"https:\/\/derechosinfronteras.pe\/ingles\/chumbivilcas-inicia-juicio-oral-contra-ex-dirigentes-criminalizados\/","title":{"rendered":"Chumbivilcas: Inicia Juicio Oral contra ex dirigentes criminalizados"},"content":{"rendered":"<p>Este jueves 15 de noviembre se dar\u00e1 inicio al Juicio Oral por los delitos de secuestro, disturbios, da\u00f1os a la propiedad y otros delitos contra ex dirigentes de la provincia de Chumbivilcas por las protestas que se realizaron en el distrito de Qui\u00f1ota el a\u00f1o 2011 contra la empresa minera Anabi S.A.C. El Juicio iniciar\u00e1 a las 11:00 a.m. en el Poder Judicial del Cusco en el Juzgado Penal Supra Provincial.<\/p>\n<p>Entre diciembre del a\u00f1o 2011 y febrero del 2012 las organizaciones sociales del distrito de Qui\u00f1ota impulsaron una huelga indefinida por la afectaci\u00f3n al medio ambiente por parte de la empresa minera Anabi S.A.C., como respuesta a esta medida la empresa y el Estado inici\u00f3 un proceso penal contra diez dirigentes, son criminalizados por ejercer sus derechos.<\/p>\n<p>Uno de los abogados del equipo de defensa de los ex dirigentes, Ramiro Llatas, indic\u00f3, \u201cel Ministerio P\u00fablico no ha cumplido la tarea de identificar a las personas que realizaron los desmanes\u201d, raz\u00f3n por la cual acusa a las cabezas -dirigentes- de las comunidades y frentes de defensa.<\/p>\n<p>Como parte de la pol\u00edtica de impulsar juicios penales contra dirigentes y criminalizar la protesta, la Fiscal\u00eda est\u00e1 pidiendo 30 a\u00f1os de c\u00e1rcel por delitos como secuestro, robo agravado, da\u00f1os a la propiedad privada, disturbios, violaci\u00f3n de domicilio, entre otros. Esta situaci\u00f3n marca un mal precedente para las comunidades que protestan por la defensa de sus derechos y territorio.<\/p>\n<p>La defensa legal y acompa\u00f1amiento a los ex dirigentes es conformada por <a href=\"https:\/\/www.facebook.com\/derechossinfronteras.pe\/\" target=\"_blank\" rel=\"noopener\">Derechos Humanos Sin Fronteras<\/a> (DHSF), Earthrights <em>International<\/em> (<em>ERI<\/em>), Red MUQUI y el Instituto de Estudios de la Culturas Andinas (IDECA).<\/p>\n<div class=\"fb-video\" data-allowfullscreen=\"true\" data-href=\"https:\/\/www.facebook.com\/derechossinfronteras.pe\/videos\/747115618997305\/\" style=\"background-color: #fff; display: inline-block;\"><\/div>","protected":false},"excerpt":{"rendered":"<p>Este jueves 15 de noviembre se dar\u00e1 inicio al Juicio Oral por los delitos de secuestro, disturbios, da\u00f1os a la propiedad y otros delitos contra ex dirigentes de la provincia de Chumbivilcas por las protestas que se realizaron en el distrito de Qui\u00f1ota el a\u00f1o 2011 contra la empresa minera Anabi S.A.C. El Juicio iniciar\u00e1 [&hellip;]<\/p>\n","protected":false},"author":1,"featured_media":4450,"comment_status":"open","ping_status":"open","sticky":false,"template":"","format":"standard","meta":{"_monsterinsights_skip_tracking":false,"_monsterinsights_sitenote_active":false,"_monsterinsights_sitenote_note":"","_monsterinsights_sitenote_category":0,"_jetpack_memberships_contains_paid_content":false,"footnotes":"","jetpack_publicize_message":"","jetpack_publicize_feature_enabled":true,"jetpack_social_post_already_shared":false,"jetpack_social_options":{"image_generator_settings":{"template":"highway","default_image_id":0,"font":"","enabled":false},"version":2}},"categories":[1],"tags":[],"class_list":["post-4558","post","type-post","status-publish","format-standard","has-post-thumbnail","hentry","category-sin-categoria"],"blocksy_meta":[],"jetpack_publicize_connections":[],"jetpack_featured_media_url":"https:\/\/derechosinfronteras.pe\/wp-content\/uploads\/2018\/11\/Caso-Anabi.jpg","jetpack_sharing_enabled":true,"jetpack_likes_enabled":true,"_links":{"self":[{"href":"https:\/\/derechosinfronteras.pe\/ingles\/wp-json\/wp\/v2\/posts\/4558","targetHints":{"allow":["GET"]}}],"collection":[{"href":"https:\/\/derechosinfronteras.pe\/ingles\/wp-json\/wp\/v2\/posts"}],"about":[{"href":"https:\/\/derechosinfronteras.pe\/ingles\/wp-json\/wp\/v2\/types\/post"}],"author":[{"embeddable":true,"href":"https:\/\/derechosinfronteras.pe\/ingles\/wp-json\/wp\/v2\/users\/1"}],"replies":[{"embeddable":true,"href":"https:\/\/derechosinfronteras.pe\/ingles\/wp-json\/wp\/v2\/comments?post=4558"}],"version-history":[{"count":0,"href":"https:\/\/derechosinfronteras.pe\/ingles\/wp-json\/wp\/v2\/posts\/4558\/revisions"}],"wp:featuredmedia":[{"embeddable":true,"href":"https:\/\/derechosinfronteras.pe\/ingles\/wp-json\/wp\/v2\/media\/4450"}],"wp:attachment":[{"href":"https:\/\/derechosinfronteras.pe\/ingles\/wp-json\/wp\/v2\/media?parent=4558"}],"wp:term":[{"taxonomy":"category","embeddable":true,"href":"https:\/\/derechosinfronteras.pe\/ingles\/wp-json\/wp\/v2\/categories?post=4558"},{"taxonomy":"post_tag","embeddable":true,"href":"https:\/\/derechosinfronteras.pe\/ingles\/wp-json\/wp\/v2\/tags?post=4558"}],"curies":[{"name":"wp","href":"https:\/\/api.w.org\/{rel}","templated":true}]}}