{"id":4559,"date":"2018-11-13T11:40:31","date_gmt":"2018-11-13T16:40:31","guid":{"rendered":"http:\/\/derechosinfronteras.pe\/?p=4270"},"modified":"2018-11-13T11:40:31","modified_gmt":"2018-11-13T16:40:31","slug":"fiscalia-formaliza-denuncia-contra-fujimori-por-caso-de-esterilizaciones-forzadas","status":"publish","type":"post","link":"https:\/\/derechosinfronteras.pe\/ingles\/fiscalia-formaliza-denuncia-contra-fujimori-por-caso-de-esterilizaciones-forzadas\/","title":{"rendered":"Fiscal\u00eda formaliza denuncia contra Fujimori por caso de Esterilizaciones Forzadas"},"content":{"rendered":"<p>El exdictador Alberto Fujimori y los ministros de su Gobierno fueron denunciados por la Fiscal\u00eda como autores de la pol\u00edtica nacional que promov\u00eda Esterilizaciones Forzadas de la d\u00e9cada del 90.<\/p>\n<p>Despu\u00e9s de casi siete meses, la Fiscal Provincial Penal de la Segunda Fiscal\u00eda, Marcelita Guti\u00e9rrez Vallejos, formaliz\u00f3 la denuncia penal contra Alberto Fujimori, Eduardo Yong Mottam, Ricardo Luis Costa Bauer, Alejadro Aguinaga, Ulises Jorge Aguilar, Segundo Aliaga Pinedo, Octavio Marroqu\u00edn Osorio y Magda Gonz\u00e1lez Carrillo.<\/p>\n<p>Los mencionados son sindicados como \u00abautores mediatos de las presunta comisi\u00f3n del delito contra la vida el cuerpo y la salud. Lesiones graves seguidas de muerte en un contexto de grave violaci\u00f3n de derechos humanos\u00bb.<\/p>\n<div class=\"fb-post\" data-href=\"https:\/\/www.facebook.com\/derechossinfronteras.pe\/photos\/a.741549455963585\/1875722432546276\/?type=3&#038;theater\" data-width=\"552\" style=\"background-color: #fff; display: inline-block;\"><\/div>\n<p>Cabe recordar que el mes pasado, mujeres v\u00edctimas de esterilizaciones forzadas llegaron hasta la CIDH para denunciar que el Estado Peruano no est\u00e1 priorizando su situaci\u00f3n. En dicha audiencia estuvieron presentes funcionarios del gobierno que aseguraron fortalecer los mecanismos de reparaci\u00f3n en todo el Per\u00fa.<\/p>\n<div class=\"fb-video\" data-allowfullscreen=\"true\" data-href=\"https:\/\/www.facebook.com\/derechossinfronteras.pe\/videos\/1995460497413144\/?__xts__%5B0%5D=68.ARDxcSV1vApDGYwDSPX-T_UQPPP1491SFXiwHSpsJeiBJg-aRlW63IG4yj6pfljO-GD3Ul8Xf-gjSz8pQJLoD-h2zhmbSOtDJgiOTwq-tQNzMtxBTodSpy1l8C1O1R0incjjeofRNkY0Z_ytf2GR_ZO8Y1i5tGLyFUJKqlbfWnjkKUD451GZ19FV4sTNsc_Ufdd46YmN6_qhb70Y3osAMryikEzKB7a2tuC6yV8W7x5ssxUYaKKPPy2PeOwVlohgwGArxug5fCkMmzF4Mx_K1GJ0IcYLhuFfJNAQqwlBXbQliVB08rSt5-1cThWppLDqDqfMdsLosODaKlVPgLvVqYvojufnQRe5dzI&#038;__tn__=-R\" style=\"background-color: #fff; display: inline-block;\"><\/div>\n<p>&nbsp;<\/p>","protected":false},"excerpt":{"rendered":"<p>El exdictador Alberto Fujimori y los ministros de su Gobierno fueron denunciados por la Fiscal\u00eda como autores de la pol\u00edtica nacional que promov\u00eda Esterilizaciones Forzadas de la d\u00e9cada del 90. Despu\u00e9s de casi siete meses, la Fiscal Provincial Penal de la Segunda Fiscal\u00eda, Marcelita Guti\u00e9rrez Vallejos, formaliz\u00f3 la denuncia penal contra Alberto Fujimori, Eduardo Yong [&hellip;]<\/p>\n","protected":false},"author":1,"featured_media":4560,"comment_status":"open","ping_status":"open","sticky":false,"template":"","format":"standard","meta":{"_monsterinsights_skip_tracking":false,"_monsterinsights_sitenote_active":false,"_monsterinsights_sitenote_note":"","_monsterinsights_sitenote_category":0,"_jetpack_memberships_contains_paid_content":false,"footnotes":"","jetpack_publicize_message":"","jetpack_publicize_feature_enabled":true,"jetpack_social_post_already_shared":false,"jetpack_social_options":{"image_generator_settings":{"template":"highway","default_image_id":0,"font":"","enabled":false},"version":2}},"categories":[1],"tags":[],"class_list":["post-4559","post","type-post","status-publish","format-standard","has-post-thumbnail","hentry","category-sin-categoria"],"blocksy_meta":[],"jetpack_publicize_connections":[],"jetpack_featured_media_url":"https:\/\/derechosinfronteras.pe\/wp-content\/uploads\/2018\/11\/Esterilizaciones-e1542127173538.jpg","jetpack_sharing_enabled":true,"jetpack_likes_enabled":true,"_links":{"self":[{"href":"https:\/\/derechosinfronteras.pe\/ingles\/wp-json\/wp\/v2\/posts\/4559","targetHints":{"allow":["GET"]}}],"collection":[{"href":"https:\/\/derechosinfronteras.pe\/ingles\/wp-json\/wp\/v2\/posts"}],"about":[{"href":"https:\/\/derechosinfronteras.pe\/ingles\/wp-json\/wp\/v2\/types\/post"}],"author":[{"embeddable":true,"href":"https:\/\/derechosinfronteras.pe\/ingles\/wp-json\/wp\/v2\/users\/1"}],"replies":[{"embeddable":true,"href":"https:\/\/derechosinfronteras.pe\/ingles\/wp-json\/wp\/v2\/comments?post=4559"}],"version-history":[{"count":0,"href":"https:\/\/derechosinfronteras.pe\/ingles\/wp-json\/wp\/v2\/posts\/4559\/revisions"}],"wp:featuredmedia":[{"embeddable":true,"href":"https:\/\/derechosinfronteras.pe\/ingles\/wp-json\/wp\/v2\/media\/4560"}],"wp:attachment":[{"href":"https:\/\/derechosinfronteras.pe\/ingles\/wp-json\/wp\/v2\/media?parent=4559"}],"wp:term":[{"taxonomy":"category","embeddable":true,"href":"https:\/\/derechosinfronteras.pe\/ingles\/wp-json\/wp\/v2\/categories?post=4559"},{"taxonomy":"post_tag","embeddable":true,"href":"https:\/\/derechosinfronteras.pe\/ingles\/wp-json\/wp\/v2\/tags?post=4559"}],"curies":[{"name":"wp","href":"https:\/\/api.w.org\/{rel}","templated":true}]}}