{"id":4565,"date":"2018-10-29T18:47:03","date_gmt":"2018-10-29T23:47:03","guid":{"rendered":"http:\/\/derechosinfronteras.pe\/?p=4248"},"modified":"2018-10-29T18:47:03","modified_gmt":"2018-10-29T23:47:03","slug":"gobierno-reafirma-estado-de-emergencia-en-el-corredor-minero-del-sur","status":"publish","type":"post","link":"https:\/\/derechosinfronteras.pe\/ingles\/gobierno-reafirma-estado-de-emergencia-en-el-corredor-minero-del-sur\/","title":{"rendered":"Gobierno reafirma Estado de emergencia en el corredor minero del sur"},"content":{"rendered":"<p>El 25 de octubre, con <strong>Decreto Supremo N\u00ba 105-2018-PCM<\/strong>, el gobierno declar\u00f3 nuevamente, por 30 d\u00edas calendarios, el Estado de Emergencia en el Corredor Vial Minero Apur\u00edmac \u2013 Cusco \u2013 Arequipa. Esta vez, y como lo se\u00f1ala el documento, la declaratoria es para un sector del corredor: \u2018el Estado de Emergencia en parte del Corredor Vial Apur\u00edmac \u2013 Cusco \u2013 Arequipa, desde el kil\u00f3metro 130 (Ref. Sector Muyu Orcco) hasta el kil\u00f3metro 160 (Ref. Sector Tiendayoc), de la Ruta Nacional PE-3SY, que comprende el distrito de Colquemarca de la provincia de Chumbivilcas, departamento del Cusco, incluyendo los quinientos (500) metros adyacentes a cada lado del Corredor Vial en menci\u00f3n\u2019. Esta nueva medida empezar\u00e1 desde el 30 de octubre.<\/p>\n<p>Es de conocimiento p\u00fablico que por esta v\u00eda son permanentes las manifestaciones de las comunidades en contra de las empresas mineras como: <strong>\u2018MMG Las Bambas\u2019, HudBay, Glencore<\/strong>, entre otras, exigiendo se respeten los convenios marco, se les otorguen un resarcimiento econ\u00f3mico por el deterioro a sus viviendas, derrames, accidentes, enfermedades respiratorias y otras afectaciones causadas por el paso de camiones que transportan minerales o residuos t\u00f3xicos. Por esta v\u00eda transitan m\u00e1s de 500 veh\u00edculos por d\u00eda y, sumado a esta problem\u00e1tica, los accidentes se est\u00e1n volviendo m\u00e1s frecuentes en este corredor vial.<\/p>\n<p>Esta medida aplicada para Apur\u00edmac, Cusco y Arequipa de declarar estados de emergencia bajo la figura \u201cpreventiva\u201d, ya se ha convertido en una hecho reiterativo, siendo contrario al respeto de los derechos humanos, el Estado de derecho y la democracia. A pesar de los esfuerzos de las comunidades y organizaciones sociales de base de generar espacios de di\u00e1logo, el Estado insiste en militarizar la zona para garantizar la producci\u00f3n minera<\/p>\n<p><strong>\u00bfQu\u00e9 implica un estado de emergencia?<\/strong><\/p>\n<p>Seg\u00fan lo que dicta nuestra Constituci\u00f3n, la declaratoria de un Estado de Emergencia deja abierta la posibilidad de suspender o restringir -todos o alguno- de los siguientes derechos:<\/p>\n<p><strong>*Libertad y seguridad personal:<\/strong>\u00a0Las detenciones pueden ocurrir sin flagrancia o sin mandato judicial. Las acciones de habeas corpus en relaci\u00f3n a personas detenidas ser\u00e1n declaradas improcedentes.<\/p>\n<p><strong>*Inviolabilidad de domicilio:<\/strong>\u00a0Las PNP y\/o Fuerzas Armadas pueden ingresar a cualquier domicilio sin mandato judicial o flagrancia.<\/p>\n<p><strong>*Libertad de Reuni\u00f3n:<\/strong>\u00a0Se suspenden todo tipo de reuniones.<\/p>\n<p><strong>*Libertad de Tr\u00e1nsito:<\/strong>\u00a0Se puede suspender la libertad de circular en ciertos lugares y\/o en ciertos horarios (No es lo mismo que un \u2018Toque de queda\u2019)<\/p>\n<div class=\"fb-post\" data-href=\"https:\/\/www.facebook.com\/derechossinfronteras.pe\/posts\/1337506013034590:0\" data-width=\"552\" style=\"background-color: #fff; display: inline-block;\"><\/div>","protected":false},"excerpt":{"rendered":"<p>El 25 de octubre, con Decreto Supremo N\u00ba 105-2018-PCM, el gobierno declar\u00f3 nuevamente, por 30 d\u00edas calendarios, el Estado de Emergencia en el Corredor Vial Minero Apur\u00edmac \u2013 Cusco \u2013 Arequipa. Esta vez, y como lo se\u00f1ala el documento, la declaratoria es para un sector del corredor: \u2018el Estado de Emergencia en parte del Corredor [&hellip;]<\/p>\n","protected":false},"author":1,"featured_media":4566,"comment_status":"open","ping_status":"open","sticky":false,"template":"","format":"standard","meta":{"_monsterinsights_skip_tracking":false,"_monsterinsights_sitenote_active":false,"_monsterinsights_sitenote_note":"","_monsterinsights_sitenote_category":0,"_jetpack_memberships_contains_paid_content":false,"footnotes":"","jetpack_publicize_message":"","jetpack_publicize_feature_enabled":true,"jetpack_social_post_already_shared":false,"jetpack_social_options":{"image_generator_settings":{"template":"highway","default_image_id":0,"font":"","enabled":false},"version":2}},"categories":[1],"tags":[],"class_list":["post-4565","post","type-post","status-publish","format-standard","has-post-thumbnail","hentry","category-sin-categoria"],"blocksy_meta":[],"jetpack_publicize_connections":[],"jetpack_featured_media_url":"https:\/\/derechosinfronteras.pe\/wp-content\/uploads\/2018\/10\/EDE-Corredor.jpg","jetpack_sharing_enabled":true,"jetpack_likes_enabled":true,"_links":{"self":[{"href":"https:\/\/derechosinfronteras.pe\/ingles\/wp-json\/wp\/v2\/posts\/4565","targetHints":{"allow":["GET"]}}],"collection":[{"href":"https:\/\/derechosinfronteras.pe\/ingles\/wp-json\/wp\/v2\/posts"}],"about":[{"href":"https:\/\/derechosinfronteras.pe\/ingles\/wp-json\/wp\/v2\/types\/post"}],"author":[{"embeddable":true,"href":"https:\/\/derechosinfronteras.pe\/ingles\/wp-json\/wp\/v2\/users\/1"}],"replies":[{"embeddable":true,"href":"https:\/\/derechosinfronteras.pe\/ingles\/wp-json\/wp\/v2\/comments?post=4565"}],"version-history":[{"count":0,"href":"https:\/\/derechosinfronteras.pe\/ingles\/wp-json\/wp\/v2\/posts\/4565\/revisions"}],"wp:featuredmedia":[{"embeddable":true,"href":"https:\/\/derechosinfronteras.pe\/ingles\/wp-json\/wp\/v2\/media\/4566"}],"wp:attachment":[{"href":"https:\/\/derechosinfronteras.pe\/ingles\/wp-json\/wp\/v2\/media?parent=4565"}],"wp:term":[{"taxonomy":"category","embeddable":true,"href":"https:\/\/derechosinfronteras.pe\/ingles\/wp-json\/wp\/v2\/categories?post=4565"},{"taxonomy":"post_tag","embeddable":true,"href":"https:\/\/derechosinfronteras.pe\/ingles\/wp-json\/wp\/v2\/tags?post=4565"}],"curies":[{"name":"wp","href":"https:\/\/api.w.org\/{rel}","templated":true}]}}