{"id":4569,"date":"2018-10-18T12:40:54","date_gmt":"2018-10-18T17:40:54","guid":{"rendered":"http:\/\/derechosinfronteras.pe\/?p=4227"},"modified":"2018-10-18T12:40:54","modified_gmt":"2018-10-18T17:40:54","slug":"velille-comite-de-dialogo-a-pasos-lentos","status":"publish","type":"post","link":"https:\/\/derechosinfronteras.pe\/ingles\/velille-comite-de-dialogo-a-pasos-lentos\/","title":{"rendered":"Velille: Comit\u00e9 de di\u00e1logo a pasos lentos"},"content":{"rendered":"<p>Como se recuerda, desde el \u00faltimo 29 de agosto, el distrito chumbivilcano de Velille, <a href=\"http:\/\/derechosinfronteras.pe\/ingles\/sobre-la-huelga-indefinida-de-velille-y-la-nueva-declaratoria-de-estado-de-emergencia-en-el-corredor-vial-minero\/\">inici\u00f3 una huelga indefinida<\/a> para exigir, principalmente, que la empresa minera MMG Las Bambas, los vuelva a incluir como zona de influencia directa en su Modificatoria del Estudio de Impacto Ambiental (MEIA). C\u00f3mo lo se\u00f1al\u00f3, Germ\u00e1n Salcedo, presidente del Frente de Defensa de Velille, esta decisi\u00f3n fue tomada colectivamente, despu\u00e9s de agotar medidas administrativas.<\/p>\n<p>Esta huelga, logr\u00f3 que el Estado peruano inicie un proceso de di\u00e1logo con Velille y sus organizaciones de base. <a href=\"http:\/\/derechosinfronteras.pe\/ingles\/chumbivilcas-pcm-pide-retomar-el-dialogo-en-velille\/\">La reuni\u00f3n de instalaci\u00f3n del Comit\u00e9 de Di\u00e1logo se realiz\u00f3 el 25 de setiembre<\/a>, casi un mes despu\u00e9s de iniciada la medida de lucha. Reci\u00e9n, el pasado 17 de octubre se realiz\u00f3 una sesi\u00f3n del <strong>Comit\u00e9 de Di\u00e1logo ampliado para el desarrollo del distrito de Velille<\/strong>, en la que participaron Sergio Valencia Salcedo, alcalde de Velille; Francisco Ayala, representante de la Oficina General de Gesti\u00f3n Social del Ministerio de Energ\u00eda y\u00a0 Minas; Edgar Fuentes, representante de la Subsecretar\u00eda de Gesti\u00f3n y Di\u00e1logo Social; Germ\u00e1n Salcedo, presidente del Frente de Defensa, funcionarios municipales, autoridades electas en el \u00faltimo proceso electoral, dirigentes, lideresas, organizaciones sociales de base y representantes de comunidades. As\u00ed mismo, en representaci\u00f3n de la empresa minera MMG Las Bambas, participaron Mariela Nu\u00f1ez, Gerenta de RRCC.<\/p>\n<p><strong>Acuerdos Pactados<\/strong><\/p>\n<p>Despu\u00e9s de dos horas de debate, los principales acuerdos tomados fueron:<\/p>\n<ul>\n<li>Incorporar al Comit\u00e9 de Di\u00e1logo una presidencia colegiada conformada por el Ministerio de Energ\u00eda y Minas, Presidencia del Consejo de Ministros; Municipalidad de Velille y la empresa MMG Las Bambas.<\/li>\n<li>La evaluaci\u00f3n de la matriz de proyectos en beneficio de Velille, se realizar\u00e1 la segunda quincena de noviembre, y la PCM gestionar\u00e1 la participaci\u00f3n de los sectores del Ejecutivo.<\/li>\n<li>Se conformaran cinco grupos de trabajo para abordar cada pedido exigido a la empresa minera. El Alcalde de Velille deber\u00e1 acreditar a sus representantes hasta el 31 de octubre. Las reuniones se realizaran una vez al mes como m\u00ednimo. Las comunidades tambi\u00e9n deber\u00e1n acreditar a sus representantes.<\/li>\n<\/ul>\n<p><strong>Dato: <\/strong>Es importante resaltar que una de las causas de la huelga fueron los impactos ambientales y sociales que viene generando el transporte minero.<\/p>\n<figure id=\"attachment_4230\" aria-describedby=\"caption-attachment-4230\" style=\"width: 768px\" class=\"wp-caption aligncenter\"><img fetchpriority=\"high\" decoding=\"async\" class=\"size-large wp-image-4230\" src=\"http:\/\/derechosinfronteras.pe\/wp-content\/uploads\/2018\/10\/WhatsApp-Image-2018-10-17-at-3.30.40-PM-768x1024.jpeg\" alt=\"\" width=\"768\" height=\"1024\" \/><figcaption id=\"caption-attachment-4230\" class=\"wp-caption-text\">Acta de acuerdos firmada por el Comit\u00e9 de Di\u00e1ologo.<\/figcaption><\/figure>","protected":false},"excerpt":{"rendered":"<p>Como se recuerda, desde el \u00faltimo 29 de agosto, el distrito chumbivilcano de Velille, inici\u00f3 una huelga indefinida para exigir, principalmente, que la empresa minera MMG Las Bambas, los vuelva a incluir como zona de influencia directa en su Modificatoria del Estudio de Impacto Ambiental (MEIA). C\u00f3mo lo se\u00f1al\u00f3, Germ\u00e1n Salcedo, presidente del Frente de [&hellip;]<\/p>\n","protected":false},"author":1,"featured_media":4570,"comment_status":"open","ping_status":"open","sticky":false,"template":"","format":"standard","meta":{"_monsterinsights_skip_tracking":false,"_monsterinsights_sitenote_active":false,"_monsterinsights_sitenote_note":"","_monsterinsights_sitenote_category":0,"_jetpack_memberships_contains_paid_content":false,"footnotes":"","jetpack_publicize_message":"","jetpack_publicize_feature_enabled":true,"jetpack_social_post_already_shared":false,"jetpack_social_options":{"image_generator_settings":{"template":"highway","default_image_id":0,"font":"","enabled":false},"version":2}},"categories":[1],"tags":[],"class_list":["post-4569","post","type-post","status-publish","format-standard","has-post-thumbnail","hentry","category-sin-categoria"],"blocksy_meta":[],"jetpack_publicize_connections":[],"jetpack_featured_media_url":"https:\/\/derechosinfronteras.pe\/wp-content\/uploads\/2018\/10\/Velille-Comite-de-dialogo.jpg","jetpack_sharing_enabled":true,"jetpack_likes_enabled":true,"_links":{"self":[{"href":"https:\/\/derechosinfronteras.pe\/ingles\/wp-json\/wp\/v2\/posts\/4569","targetHints":{"allow":["GET"]}}],"collection":[{"href":"https:\/\/derechosinfronteras.pe\/ingles\/wp-json\/wp\/v2\/posts"}],"about":[{"href":"https:\/\/derechosinfronteras.pe\/ingles\/wp-json\/wp\/v2\/types\/post"}],"author":[{"embeddable":true,"href":"https:\/\/derechosinfronteras.pe\/ingles\/wp-json\/wp\/v2\/users\/1"}],"replies":[{"embeddable":true,"href":"https:\/\/derechosinfronteras.pe\/ingles\/wp-json\/wp\/v2\/comments?post=4569"}],"version-history":[{"count":0,"href":"https:\/\/derechosinfronteras.pe\/ingles\/wp-json\/wp\/v2\/posts\/4569\/revisions"}],"wp:featuredmedia":[{"embeddable":true,"href":"https:\/\/derechosinfronteras.pe\/ingles\/wp-json\/wp\/v2\/media\/4570"}],"wp:attachment":[{"href":"https:\/\/derechosinfronteras.pe\/ingles\/wp-json\/wp\/v2\/media?parent=4569"}],"wp:term":[{"taxonomy":"category","embeddable":true,"href":"https:\/\/derechosinfronteras.pe\/ingles\/wp-json\/wp\/v2\/categories?post=4569"},{"taxonomy":"post_tag","embeddable":true,"href":"https:\/\/derechosinfronteras.pe\/ingles\/wp-json\/wp\/v2\/tags?post=4569"}],"curies":[{"name":"wp","href":"https:\/\/api.w.org\/{rel}","templated":true}]}}