{"id":4571,"date":"2018-10-11T18:11:55","date_gmt":"2018-10-11T23:11:55","guid":{"rendered":"http:\/\/derechosinfronteras.pe\/?p=4221"},"modified":"2018-10-11T18:11:55","modified_gmt":"2018-10-11T23:11:55","slug":"se-mantiene-estado-de-emergencia-en-el-corredor-minero-del-sur","status":"publish","type":"post","link":"https:\/\/derechosinfronteras.pe\/ingles\/se-mantiene-estado-de-emergencia-en-el-corredor-minero-del-sur\/","title":{"rendered":"Se mantiene Estado de emergencia en el corredor minero del sur"},"content":{"rendered":"<p>El pasado 29 de setiembre, Con Decreto Supremo N\u00ba 100-2018-PCM, el gobierno declar\u00f3 nuevamente, por 30 d\u00edas calendarios, el Estado de Emergencia en el Corredor Vial Minero Apur\u00edmac \u2013 Cusco \u2013 Arequipa. Esta vez, y como lo se\u00f1ala el documento, la declaratoria es para un sector del corredor: \u2018el Estado de Emergencia en parte del Corredor Vial Apur\u00edmac \u2013 Cusco &#8211; Arequipa, desde el kil\u00f3metro 130 (Ref. Sector Muyu Orcco) hasta el kil\u00f3metro 160 (Ref. Sector Tiendayoc), de la Ruta Nacional PE-3SY, que comprende el distrito de Colquemarca de la provincia de Chumbivilcas, departamento del Cusco, incluyendo los quinientos (500) metros adyacentes a cada lado del Corredor Vial en menci\u00f3n\u2019.<\/p>\n<p>Es de conocimiento p\u00fablico, sobre todo en las \u00faltimas semanas, que por esta v\u00eda son permanentes las manifestaciones de las comunicades en contra de las empresas mineras como: \u2018MMG Las Bambas\u2019, HudBay, Glencore, entre otras, exigiendo se respeten los convenios marco, se les otorguen un resarcimiento econ\u00f3mico por el deterioro a sus viviendas, derrames, accidentes, enfermedades respiratorias y otras afectaciones causadas por el paso de camiones que transportan minerales o residuos t\u00f3xicos. Por esta v\u00eda transitan m\u00e1s de 500 veh\u00edculos por d\u00eda y, sumado a esta problem\u00e1tica, los accidentes se est\u00e1n volviendo m\u00e1s frecuentes en este corredor vial.<\/p>\n<p>Esta medida aplicada para Apur\u00edmac, Cusco y Arequipa de declarar estados de emergencia bajo la figura \u201cpreventiva\u201d, ya se ha convertido en una hecho reiterativo, siendo contrario al respeto de los derechos humanos, el Estado de derecho y la democracia. A pesar de los esfuerzos de las comunidades y organizaciones sociales de base de generar espacios de di\u00e1logo, el Estado insiste en militarizar la zona para garantizar la producci\u00f3n minera<\/p>\n<p><strong>\u00bfQu\u00e9 implica un estado de emergencia?<\/strong><\/p>\n<p>Seg\u00fan lo que dicta nuestra Constituci\u00f3n, la declaratoria de un Estado de Emergencia deja abierta la posibilidad de suspender o restringir -todos o alguno- de los siguientes derechos:<\/p>\n<p><strong style=\"font-style: inherit;\">*Libertad y seguridad personal:<\/strong>\u00a0Las detenciones pueden ocurrir sin flagrancia o sin mandato judicial. Las acciones de habeas corpus en relaci\u00f3n a personas detenidas ser\u00e1n declaradas improcedentes.<\/p>\n<p><strong style=\"font-style: inherit;\">*Inviolabilidad de domicilio:<\/strong>\u00a0Las PNP y\/o Fuerzas Armadas pueden ingresar a cualquier domicilio sin mandato judicial o flagrancia.<\/p>\n<p><strong style=\"font-style: inherit;\">*Libertad de Reuni\u00f3n:<\/strong>\u00a0Se suspenden todo tipo de reuniones.<\/p>\n<p><strong style=\"font-style: inherit;\">*Libertad de Tr\u00e1nsito:<\/strong>\u00a0Se puede suspender la libertad de circular en ciertos lugares y\/o en ciertos horarios (No es lo mismo que un \u2018Toque de queda\u2019)<\/p>\n<div class=\"fb-post\" data-href=\"https:\/\/www.facebook.com\/derechossinfronteras.pe\/photos\/a.741549455963585\/1337506013034590\/?type=3&#038;theater\" data-width=\"552\" style=\"background-color: #fff; display: inline-block;\"><\/div>","protected":false},"excerpt":{"rendered":"<p>El pasado 29 de setiembre, Con Decreto Supremo N\u00ba 100-2018-PCM, el gobierno declar\u00f3 nuevamente, por 30 d\u00edas calendarios, el Estado de Emergencia en el Corredor Vial Minero Apur\u00edmac \u2013 Cusco \u2013 Arequipa. Esta vez, y como lo se\u00f1ala el documento, la declaratoria es para un sector del corredor: \u2018el Estado de Emergencia en parte del [&hellip;]<\/p>\n","protected":false},"author":1,"featured_media":4572,"comment_status":"open","ping_status":"open","sticky":false,"template":"","format":"standard","meta":{"_monsterinsights_skip_tracking":false,"_monsterinsights_sitenote_active":false,"_monsterinsights_sitenote_note":"","_monsterinsights_sitenote_category":0,"_jetpack_memberships_contains_paid_content":false,"footnotes":"","jetpack_publicize_message":"","jetpack_publicize_feature_enabled":true,"jetpack_social_post_already_shared":false,"jetpack_social_options":{"image_generator_settings":{"template":"highway","default_image_id":0,"font":"","enabled":false},"version":2}},"categories":[1],"tags":[],"class_list":["post-4571","post","type-post","status-publish","format-standard","has-post-thumbnail","hentry","category-sin-categoria"],"blocksy_meta":[],"jetpack_publicize_connections":[],"jetpack_featured_media_url":"https:\/\/derechosinfronteras.pe\/wp-content\/uploads\/2018\/10\/Estado-de-Emergencia-e1539299160700.jpg","jetpack_sharing_enabled":true,"jetpack_likes_enabled":true,"_links":{"self":[{"href":"https:\/\/derechosinfronteras.pe\/ingles\/wp-json\/wp\/v2\/posts\/4571","targetHints":{"allow":["GET"]}}],"collection":[{"href":"https:\/\/derechosinfronteras.pe\/ingles\/wp-json\/wp\/v2\/posts"}],"about":[{"href":"https:\/\/derechosinfronteras.pe\/ingles\/wp-json\/wp\/v2\/types\/post"}],"author":[{"embeddable":true,"href":"https:\/\/derechosinfronteras.pe\/ingles\/wp-json\/wp\/v2\/users\/1"}],"replies":[{"embeddable":true,"href":"https:\/\/derechosinfronteras.pe\/ingles\/wp-json\/wp\/v2\/comments?post=4571"}],"version-history":[{"count":0,"href":"https:\/\/derechosinfronteras.pe\/ingles\/wp-json\/wp\/v2\/posts\/4571\/revisions"}],"wp:featuredmedia":[{"embeddable":true,"href":"https:\/\/derechosinfronteras.pe\/ingles\/wp-json\/wp\/v2\/media\/4572"}],"wp:attachment":[{"href":"https:\/\/derechosinfronteras.pe\/ingles\/wp-json\/wp\/v2\/media?parent=4571"}],"wp:term":[{"taxonomy":"category","embeddable":true,"href":"https:\/\/derechosinfronteras.pe\/ingles\/wp-json\/wp\/v2\/categories?post=4571"},{"taxonomy":"post_tag","embeddable":true,"href":"https:\/\/derechosinfronteras.pe\/ingles\/wp-json\/wp\/v2\/tags?post=4571"}],"curies":[{"name":"wp","href":"https:\/\/api.w.org\/{rel}","templated":true}]}}