{"id":4573,"date":"2018-10-09T13:19:28","date_gmt":"2018-10-09T18:19:28","guid":{"rendered":"http:\/\/derechosinfronteras.pe\/?p=4205"},"modified":"2018-10-09T13:19:28","modified_gmt":"2018-10-09T18:19:28","slug":"y-la-agenda-de-la-gestion-territorial-en-el-debate-electoral","status":"publish","type":"post","link":"https:\/\/derechosinfronteras.pe\/ingles\/y-la-agenda-de-la-gestion-territorial-en-el-debate-electoral\/","title":{"rendered":"\u00bfY la agenda de la gesti\u00f3n territorial en el debate electoral?"},"content":{"rendered":"<p style=\"text-align: right;\"><strong>Por:\u00a0Vladimir Sarmiento &#8211; \u00c1rea DECMA &#8211; DHSF<\/strong><\/p>\n<p style=\"text-align: left;\">A pesar de los permanentes brotes de conflicto social en Chumbivilcas y Espinar debido a los impactos negativos de la actividad minera en sus territorios y de la controvertida concesi\u00f3n de la Monta\u00f1a de los Siete Colores (Vinicunca) ubicada en una zona propuesta como \u00e1rea de conservaci\u00f3n natural, la necesidad de promover y fortalecer pol\u00edticas en materia de ordenamiento territorial, como mecanismo para prevenir acciones lesivas a los derechos humanos y el patrimonio natural, no ha cobrado relevancia en los planteamientos t\u00e9cnicos y pol\u00edticos de estas elecciones.<strong><br \/>\n<\/strong><\/p>\n<p>Del poco inter\u00e9s mostrado en el tema, se puede colegir que existe una escasa aceptaci\u00f3n y valoraci\u00f3n de este instrumento de gesti\u00f3n como un eficiente mecanismo para la prevenci\u00f3n de conflictos y la priorizaci\u00f3n planificada de decisiones p\u00fablicas, orientadas al desarrollo local sostenible.<\/p>\n<p>La falta de claridad y posici\u00f3n respecto a este tema podr\u00eda dar cabida en las gestiones de gobierno local, sin mediar cr\u00edtica alguna, a las opiniones burocr\u00e1ticas y economicistas de aquellos que conciben el Ordenamiento Territorial como un \u00f3bice t\u00e9cnico para el desarrollo de actividades extractivas y para las posibilidades de inversi\u00f3n del capital privado. Y lo que es peor, podr\u00eda ceder espacios a los argumentos que postulan el enfoque de sostenibilidad en los procesos de gesti\u00f3n del territorio como una simple moda que debe ser revaluada para dar pase a la rentabilidad econ\u00f3mica como el criterio m\u00e1s adecuado para juzgar los usos del territorio. Las implicancias de una mirada burocr\u00e1tico &#8211; administrativa de este tipo se dejar\u00edan ver en la agudizaci\u00f3n y recurrencia de los problemas ya existentes.<\/p>\n<p>Por otra parte, desde una perspectiva m\u00e1s social se puede decir que, no reconocer la utilidad de gestionar el territorio es oponerse in\u00fatilmente a los avances en la reflexi\u00f3n y construcci\u00f3n de \u201ccategor\u00edas que hoy est\u00e1n siendo reivindicadas por una ciudadan\u00eda que cada vez m\u00e1s reclaman mecanismos de exigibilidad de sus derechos y que, al replantear la democracia y el desarrollo con fundamento en los derechos, reclama una dimensi\u00f3n m\u00e1s profunda de la reforma del Estado, no s\u00f3lo en su aspecto administrativo, sino tambi\u00e9n en lo que concierne a su r\u00e9gimen pol\u00edtico y a la misma relaci\u00f3n gobierno-sociedad para restituir a esta \u00faltima su car\u00e1cter de soberan\u00eda del Estado\u201d\u00b9.<\/p>\n<p>A partir del cotejo de estas dos grandes vertientes que definen el Ordenamiento Territorial primero como un escollo para el desarrollo econ\u00f3mico del pa\u00eds y luego como mecanismo para el ejercicio eficiente de los derechos que aporta por a\u00f1adidura a mejorar el Estado, se torna perentorio que los candidatos definan su posici\u00f3n frente al tema. Es necesario conocer cual ser\u00e1 la orientaci\u00f3n que seguir\u00e1n las pol\u00edticas que encauzar\u00e1n nuestro desarrollo local y regional.<br \/>\nCreemos que es una decisi\u00f3n pol\u00edtica que debe ser tomada y expresada como primer acto de transparencia y respeto a los derechos ciudadanos.<\/p>\n<hr \/>\n<h6>1 CANTO CHAC, Manuel, Gobernanza y Participaci\u00f3n Ciudadana en las Pol\u00edticas P\u00fablicas Frente al reto del Desarrollo, 2018. Pag. 10<\/h6>\n<div class=\"fb-video\" data-allowfullscreen=\"true\" data-href=\"https:\/\/www.facebook.com\/derechossinfronteras.pe\/videos\/271427703503242\/\" style=\"background-color: #fff; display: inline-block;\"><\/div>","protected":false},"excerpt":{"rendered":"<p>Por:\u00a0Vladimir Sarmiento &#8211; \u00c1rea DECMA &#8211; DHSF A pesar de los permanentes brotes de conflicto social en Chumbivilcas y Espinar debido a los impactos negativos de la actividad minera en sus territorios y de la controvertida concesi\u00f3n de la Monta\u00f1a de los Siete Colores (Vinicunca) ubicada en una zona propuesta como \u00e1rea de conservaci\u00f3n natural, [&hellip;]<\/p>\n","protected":false},"author":1,"featured_media":4574,"comment_status":"open","ping_status":"open","sticky":false,"template":"","format":"standard","meta":{"_monsterinsights_skip_tracking":false,"_monsterinsights_sitenote_active":false,"_monsterinsights_sitenote_note":"","_monsterinsights_sitenote_category":0,"_jetpack_memberships_contains_paid_content":false,"footnotes":"","jetpack_publicize_message":"","jetpack_publicize_feature_enabled":true,"jetpack_social_post_already_shared":false,"jetpack_social_options":{"image_generator_settings":{"template":"highway","default_image_id":0,"font":"","enabled":false},"version":2}},"categories":[1],"tags":[],"class_list":["post-4573","post","type-post","status-publish","format-standard","has-post-thumbnail","hentry","category-sin-categoria"],"blocksy_meta":[],"jetpack_publicize_connections":[],"jetpack_featured_media_url":"https:\/\/derechosinfronteras.pe\/wp-content\/uploads\/2018\/10\/Territorio-y-Elecciones-e1539109161635.jpg","jetpack_sharing_enabled":true,"jetpack_likes_enabled":true,"_links":{"self":[{"href":"https:\/\/derechosinfronteras.pe\/ingles\/wp-json\/wp\/v2\/posts\/4573","targetHints":{"allow":["GET"]}}],"collection":[{"href":"https:\/\/derechosinfronteras.pe\/ingles\/wp-json\/wp\/v2\/posts"}],"about":[{"href":"https:\/\/derechosinfronteras.pe\/ingles\/wp-json\/wp\/v2\/types\/post"}],"author":[{"embeddable":true,"href":"https:\/\/derechosinfronteras.pe\/ingles\/wp-json\/wp\/v2\/users\/1"}],"replies":[{"embeddable":true,"href":"https:\/\/derechosinfronteras.pe\/ingles\/wp-json\/wp\/v2\/comments?post=4573"}],"version-history":[{"count":0,"href":"https:\/\/derechosinfronteras.pe\/ingles\/wp-json\/wp\/v2\/posts\/4573\/revisions"}],"wp:featuredmedia":[{"embeddable":true,"href":"https:\/\/derechosinfronteras.pe\/ingles\/wp-json\/wp\/v2\/media\/4574"}],"wp:attachment":[{"href":"https:\/\/derechosinfronteras.pe\/ingles\/wp-json\/wp\/v2\/media?parent=4573"}],"wp:term":[{"taxonomy":"category","embeddable":true,"href":"https:\/\/derechosinfronteras.pe\/ingles\/wp-json\/wp\/v2\/categories?post=4573"},{"taxonomy":"post_tag","embeddable":true,"href":"https:\/\/derechosinfronteras.pe\/ingles\/wp-json\/wp\/v2\/tags?post=4573"}],"curies":[{"name":"wp","href":"https:\/\/api.w.org\/{rel}","templated":true}]}}