{"id":4577,"date":"2018-10-06T16:06:01","date_gmt":"2018-10-06T21:06:01","guid":{"rendered":"http:\/\/derechosinfronteras.pe\/?p=4213"},"modified":"2018-10-06T16:06:01","modified_gmt":"2018-10-06T21:06:01","slug":"los-candidatos-han-olvidado-a-la-agricultura-como-tema-prioritario","status":"publish","type":"post","link":"https:\/\/derechosinfronteras.pe\/ingles\/los-candidatos-han-olvidado-a-la-agricultura-como-tema-prioritario\/","title":{"rendered":"\u2018Los candidatos han olvidado a la agricultura como tema prioritario\u2019"},"content":{"rendered":"<p style=\"text-align: right;\"><strong>Por: Mart\u00edn L\u00f3pez &#8211; Comunicaci\u00f3n e Incidencia DHSF<\/strong><\/p>\n<p>Hist\u00f3ricamente, <strong>Victor Ra\u00fal Maita Frisancho<\/strong>, es uno de los presidentes m\u00e1s j\u00f3venes de la <strong>Federaci\u00f3n Agraria Revolucionaria T\u00fapac Amaru (FARTAC) de Cusco<\/strong>. Su experiencia en diferentes organizaciones sociales de base le ha permitido que los miembros de este importante gremio apuesten por sus esfuerzos por renovar el espacio. Si bien es cierto, las organizaciones de base no est\u00e1n fortalecidas, Maita Frisancho, y su junta directiva, est\u00e1n trabajando para que la FARTAC recupere su prestigio. Conversamos con Victor sobre el contexto electoral y sobre la situaci\u00f3n agr\u00edcola de la regi\u00f3n.<\/p>\n<p><strong>\u00bfCrees que las y los candidatos est\u00e1n teniendo como prioridad el tema agrario en sus planes de gobierno?<\/strong><\/p>\n<p>Nosotros como gremio hemos revisado todos los planes de gobierno, y el tema agropecuario lo mencionan someramente, siempre el tema agrario ha sido olvidado y postergado a\u00f1o tras a\u00f1o, esto es un problema hist\u00f3rico, y esta situaci\u00f3n nos indigna de sobremanera. En Cusco, el valor de nuestros productos siempre han estado por debajo del costo de producci\u00f3n, adem\u00e1s tenemos que enfrentar las inclemencias de la naturaleza, como las heladas o granizadas, y frente a estos problemas que son recurrentes no existen ning\u00fan tipo de pol\u00edticas concretas que nos ayuden a contrarrestar esta situaci\u00f3n.<\/p>\n<p><strong>Y estas limitaciones que se\u00f1alas, al parecer se mantendr\u00e1n si no existen propuestas claras de quienes aspiran a ser autoridades\u2026<\/strong><\/p>\n<p>Los planes de gobierno, de los 16 candidatos son bastante populistas, se olvidan de temas prioritarios como la agricultura, y se concentran m\u00e1s en obras de \u2018envergadura\u2019, o mejor dicho, obras de cemento, o por el contrario prefieren potenciar las actividades extractivas, seg\u00fan argumentan con un inter\u00e9s de regular y fiscalizar a las grandes empresas mineras que operan en nuestra regi\u00f3n y en todo el sur andino, sin embargo no se\u00f1alan c\u00f3mo lo van hacer.<\/p>\n<p><strong>Ya que se\u00f1alas la actividad extractiva \u00bfCrees que existe un particular inter\u00e9s de parte de las y los candidatos en promover la miner\u00eda a todo costo?<\/strong><\/p>\n<p>Eso nos har\u00eda pensar el an\u00e1lisis de sus planes de gobierno, en la actualidad la actividad minera e hidrocarburifera ha desplazado, al menos en nuestra regi\u00f3n, a la agricultura, por eso los planes de gobierno est\u00e1n enfocados en actividades extractivas, y eso nos preocupa tremendamente porque siempre donde existe actividad minera, existe tambi\u00e9n contaminaci\u00f3n de nuestros recursos naturales, principalmente nuestros recursos h\u00eddricos.<\/p>\n<p><strong>Efectivamente, sin agua la actividad agr\u00edcola no podr\u00eda existir \u00bfAlg\u00fan partido pol\u00edtico est\u00e1 teniendo en cuenta pol\u00edticas a favor del cuidado de nuestros recursos h\u00eddricos?<\/strong><\/p>\n<p>Las propuestas son las mismas, no existe ninguna diferencia, todos los partidos se\u00f1alan principalmente que promover\u00e1n siembra y cosecha del agua, pero ninguno plantea alternativas nuevas o diferentes, o como bien se\u00f1alabas, el agua y la agricultura van de la mano, y s\u00f3lo el 24% del sector agropecuario en Cusco cuenta con riego tecnificado, el resto sigue bajo secano, y eso tambi\u00e9n nos preocupa, nos hubiera gustado que los candidatos hayan tenido en cuenta esta realidad para plantear propuestas que beneficien al sector.<\/p>\n<p><strong>Pensando tambi\u00e9n en el contexto electoral, han articulado con otras organizaciones para realizar un debate con las y los candidatos al gobierno regional<\/strong><\/p>\n<p>As\u00ed es, en coordinaci\u00f3n con <a href=\"https:\/\/www.facebook.com\/derechossinfronteras.pe\/?ref=bookmarks\" target=\"_blank\" rel=\"noopener\">Derechos Humanos sin Fronteras<\/a>, el Ilustre Colegio de Abogados de Cusco, y la Escuela de la Protesta a la Propuesta, realizamos un debate el \u00faltimo 26 de setiembre, en el cual estuvieron la mitad de candidatos, y creemos que fue un espacio fruct\u00edfero para ayudar a la poblaci\u00f3n electoral a discernir y reflexionar su voto de manera consciente y responsable, frente a un contexto de corrupci\u00f3n, y de desconfianza hacia la actividad pol\u00edtica, y el valor agregado de este debate fueron los ejes tem\u00e1ticos que para los organizadores, deben ser prioridades, como propuestas frente a la corrupci\u00f3n, desarrollo agropecuario y v\u00edas de comunicaci\u00f3n, educaci\u00f3n y salud, patrimonio cultural y diversidad tur\u00edstica, propuestas en favor de poblaciones vulnerables y trabajo digno, y los comentarios posteriores al debate han sido positivos, creo que ha generado mucha expectativa.<\/p>\n<p><strong>Finalmente Victor, la juventud es la poblaci\u00f3n electoral m\u00e1s grande, t\u00fa eres uno de los dirigentes de la FARTAC m\u00e1s joven en toda su historia, adem\u00e1s tu experiencia en espacios sociales proviene principalmente de organizaciones juveniles \u00bfC\u00f3mo est\u00e1s percibiendo la participaci\u00f3n juvenil en este proceso electoral?<\/strong><\/p>\n<p>Yo me inici\u00e9 en una organizaci\u00f3n juvenil en Accha, y si bien es cierto, ahora estoy dirigiendo un espacio de car\u00e1cter regional, el resto de mis compa\u00f1eros tambi\u00e9n siguen involucrados en la vida pol\u00edtica, muchos ahora son candidatos como regidores, consejeros o la alcald\u00eda, y en su apuesta muestra un buen liderazgo, incluso algunos van liderando las encuestas.<\/p>\n<p><strong>Y cu\u00e1l crees que es el principal desaf\u00edo de estos j\u00f3venes que mencionas, para dejar de ser una cuota y empezar a asumir un verdadero compromiso<\/strong><\/p>\n<p>Lo importante es que como j\u00f3venes, como una nueva generaci\u00f3n, tenemos que seguir form\u00e1ndonos, tenemos que seguir fortaleciendo las organizaciones en las provincias, en los distritos y en las comunidades campesinas, las ligas agrarias, lo que queda es eso organizarnos y formarnos<\/p>","protected":false},"excerpt":{"rendered":"<p>Por: Mart\u00edn L\u00f3pez &#8211; Comunicaci\u00f3n e Incidencia DHSF Hist\u00f3ricamente, Victor Ra\u00fal Maita Frisancho, es uno de los presidentes m\u00e1s j\u00f3venes de la Federaci\u00f3n Agraria Revolucionaria T\u00fapac Amaru (FARTAC) de Cusco. Su experiencia en diferentes organizaciones sociales de base le ha permitido que los miembros de este importante gremio apuesten por sus esfuerzos por renovar el [&hellip;]<\/p>\n","protected":false},"author":1,"featured_media":4578,"comment_status":"open","ping_status":"open","sticky":false,"template":"","format":"standard","meta":{"_monsterinsights_skip_tracking":false,"_monsterinsights_sitenote_active":false,"_monsterinsights_sitenote_note":"","_monsterinsights_sitenote_category":0,"_jetpack_memberships_contains_paid_content":false,"footnotes":"","jetpack_publicize_message":"","jetpack_publicize_feature_enabled":true,"jetpack_social_post_already_shared":false,"jetpack_social_options":{"image_generator_settings":{"template":"highway","default_image_id":0,"font":"","enabled":false},"version":2}},"categories":[1],"tags":[],"class_list":["post-4577","post","type-post","status-publish","format-standard","has-post-thumbnail","hentry","category-sin-categoria"],"blocksy_meta":[],"jetpack_publicize_connections":[],"jetpack_featured_media_url":"https:\/\/derechosinfronteras.pe\/wp-content\/uploads\/2018\/10\/Entr.-Fartac.jpg","jetpack_sharing_enabled":true,"jetpack_likes_enabled":true,"_links":{"self":[{"href":"https:\/\/derechosinfronteras.pe\/ingles\/wp-json\/wp\/v2\/posts\/4577","targetHints":{"allow":["GET"]}}],"collection":[{"href":"https:\/\/derechosinfronteras.pe\/ingles\/wp-json\/wp\/v2\/posts"}],"about":[{"href":"https:\/\/derechosinfronteras.pe\/ingles\/wp-json\/wp\/v2\/types\/post"}],"author":[{"embeddable":true,"href":"https:\/\/derechosinfronteras.pe\/ingles\/wp-json\/wp\/v2\/users\/1"}],"replies":[{"embeddable":true,"href":"https:\/\/derechosinfronteras.pe\/ingles\/wp-json\/wp\/v2\/comments?post=4577"}],"version-history":[{"count":0,"href":"https:\/\/derechosinfronteras.pe\/ingles\/wp-json\/wp\/v2\/posts\/4577\/revisions"}],"wp:featuredmedia":[{"embeddable":true,"href":"https:\/\/derechosinfronteras.pe\/ingles\/wp-json\/wp\/v2\/media\/4578"}],"wp:attachment":[{"href":"https:\/\/derechosinfronteras.pe\/ingles\/wp-json\/wp\/v2\/media?parent=4577"}],"wp:term":[{"taxonomy":"category","embeddable":true,"href":"https:\/\/derechosinfronteras.pe\/ingles\/wp-json\/wp\/v2\/categories?post=4577"},{"taxonomy":"post_tag","embeddable":true,"href":"https:\/\/derechosinfronteras.pe\/ingles\/wp-json\/wp\/v2\/tags?post=4577"}],"curies":[{"name":"wp","href":"https:\/\/api.w.org\/{rel}","templated":true}]}}