{"id":4579,"date":"2018-10-06T15:56:07","date_gmt":"2018-10-06T20:56:07","guid":{"rendered":"http:\/\/derechosinfronteras.pe\/?p=4210"},"modified":"2018-10-06T15:56:07","modified_gmt":"2018-10-06T20:56:07","slug":"es-prioridad-el-medio-ambiente-para-los-candidatos-al-sillon-municipal-de-espinar-y-chumbivilcas","status":"publish","type":"post","link":"https:\/\/derechosinfronteras.pe\/ingles\/es-prioridad-el-medio-ambiente-para-los-candidatos-al-sillon-municipal-de-espinar-y-chumbivilcas\/","title":{"rendered":"\u00bfEs prioridad el medio ambiente para los candidatos al sill\u00f3n municipal de Espinar y Chumbivilcas?"},"content":{"rendered":"<p style=\"text-align: right;\"><strong>Por: Yovana Mamani &#8211; \u00c1rea DECMA DHSF<\/strong><\/p>\n<p>El domingo 7 de octubre se decidir\u00e1 y conocer\u00e1 a los nuevos alcaldes en las provincias de Espinar y Chumbivilcas; los candidatos a la alcald\u00eda de ambas provincias han planteado en sus planes de gobierno propuestas en los temas de educaci\u00f3n, seguridad, salud, corrupci\u00f3n, desarrollo y otros. A pesar que son temas muy importantes, nos preguntamos \u00bfCu\u00e1les son las propuestas para mejorar y cuidar el medio ambiente?, ya que el tema ambiental no necesariamente es considerado importante para muchos candidatos, pese a las diversas problem\u00e1ticas ambientales en ambas provincias como parte del llamado \u201ccorredor minero\u201d.<\/p>\n<p>En Espinar, los candidatos que lideran las encuestas son: Lucho Salcedo de Somos Per\u00fa, Oscar Mollohuanca del Frente Amplio y Lolo Arenas por Democracia Directa. El plan de gobierno de Lucho Salcedo, plantea: i) la Implementaci\u00f3n de programas ambientales para el monitoreo y control del Medio Ambiente; ii) Estudio y zonificaci\u00f3n de la expansi\u00f3n urbana y asistencia t\u00e9cnica a la poblaci\u00f3n en habilitaciones urbanas, iii) Construcci\u00f3n y mantenimiento de v\u00edas de comunicaci\u00f3n a zonas Rurales, e iv) Implementar la gesti\u00f3n integrada y sostenible de los recursos h\u00eddricos con enfoque de cuenca en condiciones de cambio clim\u00e1tico, lo raro es que no vincula los problemas ambientales a la actividad minera, sino, solo al cambio clim\u00e1tico y poblacional.<\/p>\n<p>Por otro lado, Oscar Mollohuanca, plantea asegurar la calidad ambiental de la provincia de Espinar seg\u00fan los principales problemas en el agua, aire y suelo, disposici\u00f3n de residuos s\u00f3lidos y excretas, explotaci\u00f3n minera, cambio clim\u00e1tico, arborizaci\u00f3n y conservaci\u00f3n del suelo. Sin embargo, en uno de sus objetivos espec\u00edficos frente al cambio clim\u00e1tico es \u201cReducir los da\u00f1os ocasionados al cambio clim\u00e1tico\u201d, no teniendo claridad de resiliencia frente a este problema. Finalmente, Lolo Arenas menciona en su plan de gobierno plantear metas e indicadores para su cumplimiento, como: i) Incorporar los principios del desarrollo sostenible en las pol\u00edticas y los programas nacionales e invertir la p\u00e9rdida de recursos del medio ambiente; ii) Reducir la p\u00e9rdida de biodiversidad, alcanzando, para el a\u00f1o 2015, una reducci\u00f3n significativa de la tasa de p\u00e9rdida; iii) Reducir a la mitad, para el a\u00f1o 2015, el porcentaje de personas que carezcan de acceso sostenible a agua potable; iv) Haber mejorado considerablemente, para el a\u00f1o 2020, la vida de por lo menos 100 mil habitantes de tugurios. Pero, \u00bfEs real una meta\u00a0hasta el 2015?, sabiendo que la gesti\u00f3n del pr\u00f3ximo alcalde ser\u00e1 del 2019 al 2022; adem\u00e1s no queda claro la primera meta ya antes mencionada.<br \/>\nEn el caso de la provincia de Chumbivilcas, las propuestas de los planes de gobierno de los tres candidatos con posibilidades de llegar al sill\u00f3n municipal, son: Walter Enr\u00edquez del movimiento regional Tahuantinsuyo, Rolando Solis del Frente Amplio y Florentino Laime de Inka Pachacutec.<br \/>\nWalter Enriquez, plantea solucionar el problema de contaminaci\u00f3n al agua, suelo y aire vinculada a la miner\u00eda mediante capacitaci\u00f3n e implementaci\u00f3n para mitigar los da\u00f1os ambientales, conformaci\u00f3n del comit\u00e9 de vigilancia y monitoreo del medio ambiente en zonas, construcci\u00f3n de rellenos sanitarios, equipamiento del servicio de limpieza p\u00fablica y la elaboraci\u00f3n de los diferentes planes de gesti\u00f3n de riesgos y desastres. Frente al cambio clim\u00e1tico la elaboraci\u00f3n de planes de prevenci\u00f3n de desastres y frente al tema de territorio plantea: Gestionar construcci\u00f3n y mantenimiento de infraestructura vial, planes y actualizaci\u00f3n de catastro urbano y elaborar el plan de ordenamiento territorial; otra de sus propuestas es hacer \u201cgesti\u00f3n en activos mineros\u201d, pero no se\u00f1ala \u00bfc\u00f3mo lo tiene pensado hacer?<\/p>\n<p>Mientras que Rolando Solis plantea generar proyectos de inversi\u00f3n p\u00fablica para el mejoramiento de v\u00edas; Fortalecer la vigilancia y monitoreo ambiental, ejecutando las medidas correctivas en coordinaci\u00f3n con el OEFA y Ministerio del Medio Ambiente, para lo cual tiene pensado firmar convenios con esta instituciones, sin embargo deja de lado a la Autoridad Nacional del Agua que es el ente rector en temas de recursos h\u00eddricos, as\u00ed mismo, para mejorar la vigilancia y monitoreo ambiental en la provincia plantea el fortalecimiento de la oficina de medio ambiente.<br \/>\nFinalmente Florentino Layme, plantea recuperar y valorar ambientes como paisajes naturales y artificiales con fines ambientales tur\u00edsticos recreacionales y culturales, adem\u00e1s de formular y ejecutar proyectos ambientales integrales que fomenten la conservaci\u00f3n y el uso sostenible de los recurso naturales y la diversidad biol\u00f3gica, fomentar y encaminar el desarrollo con el uso de tecnolog\u00edas apropiadas y limpias, v\u00eda el manejo adecuado de los residuos s\u00f3lidos urbanos. No plantea ninguna acci\u00f3n sobre contaminaci\u00f3n vinculada a la actividad minera transnacional y peque\u00f1a miner\u00eda.<\/p>\n<p>Los planes de gobierno analizados, en muchos casos no tienen una visi\u00f3n integral de soluci\u00f3n de a problem\u00e1ticas ambientales, hay una debilidad de plantear proyectos multiprop\u00f3sitos y siendo el reto de vigilancia sistem\u00e1tica, permanente y participativa del ambiente en territorios cercanos a la actividad extractiva, plantear e implementar pol\u00edticas claras para asegurar gesti\u00f3n sustentable de los recursos naturales, fortalecer la estrategia de conservaci\u00f3n del patrimonio natural, en lo posible prevenir y reducir la contaminaci\u00f3n, crear un sistema sustentable del uso y conservaci\u00f3n del agua y por \u00faltimo promover y designar recursos para el aprovechamiento del campo. Otro reto importante desde la poblaci\u00f3n ser\u00e1 exigir el cumplimiento de estos compromisos para que no quede en el olvido, porque vivir en un ambiente sano garantiza salud, econom\u00eda y calidad de vida de la poblaci\u00f3n.<\/p>\n<div class=\"fb-video\" data-allowfullscreen=\"true\" data-href=\"https:\/\/www.facebook.com\/derechossinfronteras.pe\/videos\/271427703503242\/\" style=\"background-color: #fff; display: inline-block;\"><\/div>","protected":false},"excerpt":{"rendered":"<p>Por: Yovana Mamani &#8211; \u00c1rea DECMA DHSF El domingo 7 de octubre se decidir\u00e1 y conocer\u00e1 a los nuevos alcaldes en las provincias de Espinar y Chumbivilcas; los candidatos a la alcald\u00eda de ambas provincias han planteado en sus planes de gobierno propuestas en los temas de educaci\u00f3n, seguridad, salud, corrupci\u00f3n, desarrollo y otros. A [&hellip;]<\/p>\n","protected":false},"author":1,"featured_media":4580,"comment_status":"open","ping_status":"open","sticky":false,"template":"","format":"standard","meta":{"_monsterinsights_skip_tracking":false,"_monsterinsights_sitenote_active":false,"_monsterinsights_sitenote_note":"","_monsterinsights_sitenote_category":0,"_jetpack_memberships_contains_paid_content":false,"footnotes":"","jetpack_publicize_message":"","jetpack_publicize_feature_enabled":true,"jetpack_social_post_already_shared":false,"jetpack_social_options":{"image_generator_settings":{"template":"highway","default_image_id":0,"font":"","enabled":false},"version":2}},"categories":[1],"tags":[],"class_list":["post-4579","post","type-post","status-publish","format-standard","has-post-thumbnail","hentry","category-sin-categoria"],"blocksy_meta":[],"jetpack_publicize_connections":[],"jetpack_featured_media_url":"https:\/\/derechosinfronteras.pe\/wp-content\/uploads\/2018\/10\/Elecciones-y-Medio-Ambiente-e1539119042977.jpg","jetpack_sharing_enabled":true,"jetpack_likes_enabled":true,"_links":{"self":[{"href":"https:\/\/derechosinfronteras.pe\/ingles\/wp-json\/wp\/v2\/posts\/4579","targetHints":{"allow":["GET"]}}],"collection":[{"href":"https:\/\/derechosinfronteras.pe\/ingles\/wp-json\/wp\/v2\/posts"}],"about":[{"href":"https:\/\/derechosinfronteras.pe\/ingles\/wp-json\/wp\/v2\/types\/post"}],"author":[{"embeddable":true,"href":"https:\/\/derechosinfronteras.pe\/ingles\/wp-json\/wp\/v2\/users\/1"}],"replies":[{"embeddable":true,"href":"https:\/\/derechosinfronteras.pe\/ingles\/wp-json\/wp\/v2\/comments?post=4579"}],"version-history":[{"count":0,"href":"https:\/\/derechosinfronteras.pe\/ingles\/wp-json\/wp\/v2\/posts\/4579\/revisions"}],"wp:featuredmedia":[{"embeddable":true,"href":"https:\/\/derechosinfronteras.pe\/ingles\/wp-json\/wp\/v2\/media\/4580"}],"wp:attachment":[{"href":"https:\/\/derechosinfronteras.pe\/ingles\/wp-json\/wp\/v2\/media?parent=4579"}],"wp:term":[{"taxonomy":"category","embeddable":true,"href":"https:\/\/derechosinfronteras.pe\/ingles\/wp-json\/wp\/v2\/categories?post=4579"},{"taxonomy":"post_tag","embeddable":true,"href":"https:\/\/derechosinfronteras.pe\/ingles\/wp-json\/wp\/v2\/tags?post=4579"}],"curies":[{"name":"wp","href":"https:\/\/api.w.org\/{rel}","templated":true}]}}