{"id":4581,"date":"2018-10-06T15:29:04","date_gmt":"2018-10-06T20:29:04","guid":{"rendered":"http:\/\/derechosinfronteras.pe\/?p=4175"},"modified":"2018-10-06T15:29:04","modified_gmt":"2018-10-06T20:29:04","slug":"elecciones-salud-y-metales-toxicos-a-proposito-de-los-heroes-espinarenses","status":"publish","type":"post","link":"https:\/\/derechosinfronteras.pe\/ingles\/elecciones-salud-y-metales-toxicos-a-proposito-de-los-heroes-espinarenses\/","title":{"rendered":"Elecciones, salud y metales t\u00f3xicos. A prop\u00f3sito de los \u201ch\u00e9roes espinarenses\u201d"},"content":{"rendered":"<p style=\"text-align: right;\"><strong>Por Karem Luque &#8211; \u00c1rea DECMA &#8211; DHSF<\/strong><\/p>\n<p>Hace 02 a\u00f1os los peruanos tuvimos la gran responsabilidad de elegir a nuestros gobernantes nacionales, aquellos que parad\u00f3jicamente a sus promesas, ahora solo muestran que sus intereses personales y \u201cpartidarios\u201d est\u00e1n por encima de las exigencias del pueblo y sus necesidades. Durante estas semanas nos encontramos en una coyuntura electoral donde nuevamente se nos encarga sufragar para poder escoger al candidato o candidata que podr\u00e1 generar el tan ansiado \u201cdesarrollo local\u201d, ese desarrollo que no solamente tiene que ir en un marco de buscar proyectos de \u201cfierro y cemento\u201d que no intentamos desmerecer pero, <strong>\u00bfQu\u00e9 han logrado las autoridades locales hasta el momento para atender a sus poblaciones expuestas y afectadas por metales, metaloides y otras sustancias qu\u00edmicas t\u00f3xicas?.<\/strong><\/p>\n<p>Sabemos que la provincia de Espinar convive hace mas de 35 a\u00f1os con las actividades mineras que operan a unos 20 minutos de la misma ciudad de Yauri pero que, durante a\u00f1os todo ello ha perjudicado en mayor medida a las comunidades campesinas que se encuentran en el entorno del actual proyecto minero Antapaccay y que pr\u00f3ximamente ampliaran sus operaciones con el nombre de Ampliaci\u00f3n Ccorocohuayco, visto desde este punto nos preguntamos <strong>\u00bfCu\u00e1nto \u201cdesarrollo\u201d han tenido estas comunidades?, \u00bfCu\u00e1l es la situaci\u00f3n actual de estas comunidades en cuanto a su salud? \u00bfRealmente satisfacen a las necesidades b\u00e1sicas como agua tratada?<\/strong><\/p>\n<p>En reiteradas ocasiones hemos escuchado afirmar que las autoridades locales no son las responsables de \u201cvelar\u201d por la salud de su pueblo, que esto es netamente responsabilidad del gobierno nacional o regional, cuantas veces no hemos escuchado que \u201cno hay especialistas\u201d para atender a estas comunidades, en otros casos han culpado a los propios pobladores por no saber \u201ccuidarse\u201d, por seguir tomando agua contaminada, por no irse de la zona y buscar un espacio menos contaminado, sin embargo no han hecho un mea culpa por analizar que oportunidades les han brindado a estas poblaciones para prevenir los problemas de salud que van en aumento.<br \/>\nPues bien, hoy nos encontramos ante una dura batalla de campa\u00f1as de gobierno de los aspirantes al sill\u00f3n municipal, sin embargo, al momento de revisar r\u00e1pidamente sus propuestas encontramos una serie de planteamientos en el marco de reafirmar el \u201ccrecimiento local\u201d, pero cuando nos detenemos a buscar que proponen en el marco de la atenci\u00f3n en salud a sus poblaciones comunales que habitan al entorno de proyectos mineros (donde a\u00fan la brecha de pobreza es alta) solo encontramos que 2 candidatos\u00b9 mencionan que la contaminaci\u00f3n ambiental minera ha generado impactos en la salud humana de las comunidades y ante ello proponen ciertas acciones para poder mitigar esta problem\u00e1tica desde su postura como posibles autoridades ediles. Sin embargo 8 candidatos ni se inmutan en tocar este tema.<\/p>\n<p>Entonces nos detenemos a meditar y seguir buscando sobre los planteamientos de estos candidatos para mejorar la situaci\u00f3n de salud en un marco de grandes problem\u00e1ticas de salud identificadas en la provincia como ellos mismos lo identifican: la desnutrici\u00f3n y anemia infantil, los servicios de salud carentes de suficiente personal de salud (se\u00a0tiene en promedio un m\u00e9dico para atender a 3600 personas), prevalencia de morbilidad por problemas respiratorios, entre otros. Y adentr\u00e1ndonos un poquito mas a sus propuestas vemos que existen candidatos que a\u00fan no tienen claro c\u00f3mo podr\u00edan contribuir e incorporarse a pol\u00edticas nacionales, regionales, o promover ordenanzas locales con el fin de atender a los afectados por exposici\u00f3n a metales t\u00f3xicos.<\/p>\n<p>Durante este periodo los candidatos han podido presentar sus propuestas de manera p\u00fablica en diversos espacios, como es el caso del evento organizado en el Teatro Municipal por el Frente de Defensa de los Intereses de Espinar (FUDIE), donde en la tem\u00e1tica ambiental escuchamos a una candidata quien textualmente dijo lo siguiente: \u201cA ver si ahora me dicen ustedes hermanos si hay alguien que a ciencia cierta va a decir, estamos contaminados, bien lo ha dicho que muchos estudios se han hecho pero sin embargo ninguno ha corroborado que si realmente tenemos metales pesados en la sangre, as\u00ed que, tenemos una propuesta un poco de repente fuera de lo real pero pensamos pedir hacer por ejemplo un cementerio donde se diga h\u00e9roes espinarenses y que a la muerte de nosotros podamos ser sometidos a una autopsia para saber que cosa nos ha hecho todos estos metales pesados y as\u00ed tener un lugar, la municipalidad puede dar al ciudadano un nicho perpetuo por haber donado su cuerpo para investigar\u201d, \u00f3sea estamos esperando que existan \u201ch\u00e9roes\u201d para reci\u00e9n reconocerlos y atenderlos, cuando ellos podr\u00edan tener la oportunidad de brindarles una vida digna y sin contaminaci\u00f3n incorporando en sus propuestas proyectos reales con una perspectiva coherente y acorde a la realidad.<\/p>\n<p>Si bien es cierto actualmente ni el propio gobierno nacional a trav\u00e9s de sus entidades como el Ministerio de Salud, han sabido atender estas problem\u00e1ticas de salud ambiental, ya que luego de la R.M. N\u00b0 168-2018\/MINSA\u00b2, y el MINSA respondiendo a este mandato con el documento emitido con R.M N\u00b0 718-2018\/MINSA\u00b3, podemos evaluar que a\u00fan es necesario un compromiso real por establecer una Pol\u00edtica Nacional para atender a las poblaciones expuestas a metales, metaloides y otras sustancias qu\u00edmicas t\u00f3xicas. Cabe tambi\u00e9n resaltar que en otras zonas con situaci\u00f3n similar a la de Espinar se tienen una serie de iniciativas promovidas a nivel local y regional, donde las propias autoridades locales en conjunto con sus poblaciones afectadas han generado ordenanzas como la de Jun\u00edn<strong>4<\/strong>,\u00a0, otro claro ejemplo es el de los pobladores de Sim\u00f3n Bol\u00edvar \u2013 Cerro de Pasco, quienes en compa\u00f1\u00eda de su alcalde se trasladaron hasta la ciudad de Lima para realizar un plant\u00f3n<strong>5<\/strong> para exigir su derecho a un ambiente sano y equilibrado y una atenci\u00f3n urgente a los ni\u00f1os contaminados con plomo.<\/p>\n<p>En Espinar durante este a\u00f1o ante la insistencia de afectados y afectadas por exposici\u00f3n a metales, a inicios de a\u00f1o, se acord\u00f3 destinar parte del presupuesto del convenio marco para atender a estas comunidades, actualmente se ha elaborado un proyecto de nombre: Mejoramiento de los Servicios de salud extramural en el primer nivel de ate Marquiri, Huancan\u00e9 Bajo, Alto Huancan\u00e9, Huano Huano, Huisa, Alto Huarca y Cala Cala del Distrito \u2013 Provincia de Espinar \u2013 Cusco, esta es una iniciativa que aun con sus falencias est\u00e1 intentando responder a las demandas de la poblaci\u00f3n, sin embargo creemos que ahora se necesita exigir, monitorear y fiscalizar el cumplimiento de este proyecto, que no sea una mecida m\u00e1s, que la siguiente autoridad espinarense garantice el cumplimiento de este compromiso que se lo deben a todos aquellos \u201ch\u00e9roes\u201d que hoy solo exigen y buscan ser escuchados alzando su voz ante la desidia nacional.<\/p>\n<hr \/>\n<h6>1 Disponible en: http:\/\/peruvotoinformado.com\/cusco\/espinar las propuestas presentadas por los candidatos a la provincia de Espinar.<br \/>\n2 Resoluci\u00f3n que propone Conformar Comisi\u00f3n Sectorial encargada de elaborar y proponer la \u201cPol\u00edtica Nacional para la atenci\u00f3n integral de las personas expuestas a metales pesados, metaloides y sustancias qu\u00edmicas\u201d. Disponible en: https:\/\/busquedas.elperuano.pe\/normaslegales\/conforman-comision-sectorial-encargada-de-elaborar-y-propone-resolucion-ministerial-no-168-2018minsa-1621852-3\/<br \/>\n3 Disponen la publicaci\u00f3n del proyecto de Documento T\u00e9cnico: \u201cLineamientos de Pol\u00edtica Sectorial para la Atenci\u00f3n Integral de las Personas Expuestas a Metales Pesados y Otras Sustancias Qu\u00edmicas\u201d<br \/>\n4 Ordenanza regional N\u00b0 141-2012-GRJ\/CR donde: Declaran de inter\u00e9s y necesidad p\u00fablica regional la atenci\u00f3n prioritaria especializada a personas afectadas por la contaminaci\u00f3n ambiental, en la provincia de Yauli y otras afectadas, de la Regi\u00f3n Jun\u00edn. Disponible en: https:\/\/busquedas.elperuano.pe\/normaslegales\/declaran-de-interes-y-necesidad-publica-regional-la-atencion-ordenanza-n-141-2012-grjcr-840836-1\/<br \/>\n5 Disponible en: https:\/\/andina.pe\/agencia\/noticia-minsa-firma-acuerdo-p ra-solucion-salud-a-pobladores-pasco-700709.aspx<\/h6>","protected":false},"excerpt":{"rendered":"<p>Por Karem Luque &#8211; \u00c1rea DECMA &#8211; DHSF Hace 02 a\u00f1os los peruanos tuvimos la gran responsabilidad de elegir a nuestros gobernantes nacionales, aquellos que parad\u00f3jicamente a sus promesas, ahora solo muestran que sus intereses personales y \u201cpartidarios\u201d est\u00e1n por encima de las exigencias del pueblo y sus necesidades. Durante estas semanas nos encontramos en [&hellip;]<\/p>\n","protected":false},"author":1,"featured_media":4582,"comment_status":"open","ping_status":"open","sticky":false,"template":"","format":"standard","meta":{"_monsterinsights_skip_tracking":false,"_monsterinsights_sitenote_active":false,"_monsterinsights_sitenote_note":"","_monsterinsights_sitenote_category":0,"_jetpack_memberships_contains_paid_content":false,"footnotes":"","jetpack_publicize_message":"","jetpack_publicize_feature_enabled":true,"jetpack_social_post_already_shared":false,"jetpack_social_options":{"image_generator_settings":{"template":"highway","default_image_id":0,"font":"","enabled":false},"version":2}},"categories":[1],"tags":[],"class_list":["post-4581","post","type-post","status-publish","format-standard","has-post-thumbnail","hentry","category-sin-categoria"],"blocksy_meta":[],"jetpack_publicize_connections":[],"jetpack_featured_media_url":"https:\/\/derechosinfronteras.pe\/wp-content\/uploads\/2018\/10\/Salud-y-Eleccions-e1538857650412.jpg","jetpack_sharing_enabled":true,"jetpack_likes_enabled":true,"_links":{"self":[{"href":"https:\/\/derechosinfronteras.pe\/ingles\/wp-json\/wp\/v2\/posts\/4581","targetHints":{"allow":["GET"]}}],"collection":[{"href":"https:\/\/derechosinfronteras.pe\/ingles\/wp-json\/wp\/v2\/posts"}],"about":[{"href":"https:\/\/derechosinfronteras.pe\/ingles\/wp-json\/wp\/v2\/types\/post"}],"author":[{"embeddable":true,"href":"https:\/\/derechosinfronteras.pe\/ingles\/wp-json\/wp\/v2\/users\/1"}],"replies":[{"embeddable":true,"href":"https:\/\/derechosinfronteras.pe\/ingles\/wp-json\/wp\/v2\/comments?post=4581"}],"version-history":[{"count":0,"href":"https:\/\/derechosinfronteras.pe\/ingles\/wp-json\/wp\/v2\/posts\/4581\/revisions"}],"wp:featuredmedia":[{"embeddable":true,"href":"https:\/\/derechosinfronteras.pe\/ingles\/wp-json\/wp\/v2\/media\/4582"}],"wp:attachment":[{"href":"https:\/\/derechosinfronteras.pe\/ingles\/wp-json\/wp\/v2\/media?parent=4581"}],"wp:term":[{"taxonomy":"category","embeddable":true,"href":"https:\/\/derechosinfronteras.pe\/ingles\/wp-json\/wp\/v2\/categories?post=4581"},{"taxonomy":"post_tag","embeddable":true,"href":"https:\/\/derechosinfronteras.pe\/ingles\/wp-json\/wp\/v2\/tags?post=4581"}],"curies":[{"name":"wp","href":"https:\/\/api.w.org\/{rel}","templated":true}]}}