{"id":4583,"date":"2018-10-06T15:03:31","date_gmt":"2018-10-06T20:03:31","guid":{"rendered":"http:\/\/derechosinfronteras.pe\/?p=4170"},"modified":"2018-10-06T15:03:31","modified_gmt":"2018-10-06T20:03:31","slug":"y-la-agenda-de-los-derechos-humanos-en-estas-elecciones","status":"publish","type":"post","link":"https:\/\/derechosinfronteras.pe\/ingles\/y-la-agenda-de-los-derechos-humanos-en-estas-elecciones\/","title":{"rendered":"\u00bfY la agenda de los derechos humanos en estas elecciones?"},"content":{"rendered":"<p style=\"text-align: center;\"><strong>\u00bfY la agenda de los derechos humanos en estas elecciones?<\/strong><\/p>\n<p style=\"text-align: right;\">Por Jaime Borda- Director DHSF<\/p>\n<p>Finalmente la campa\u00f1a electoral por las elecciones regionales y municipales ha culminado, seguramente el 07 de octubre elegiremos a nuestras pr\u00f3ximas autoridades locales y regionales, y probablemente el 08 de octubre volveremos a la normalidad, es decir a lo mismo de siempre, autoridades con poca experiencia, que intentar\u00e1n cambiar o paralizar los proyectos de la anterior gesti\u00f3n, empezaran a ver de donde sacaran dinero para recuperar la inversi\u00f3n de la campa\u00f1a, puestos de trabajo para los militantes, entre otros, en suma el mismo perfil del gobernante promedio, por eso decimos que probablemente nada cambiara, por ello es y era importante conocer las hojas de vida de nuestros candidatos y sus planes de gobierno, y si no hicimos la tarea de revisar bien esta informaci\u00f3n, de contrastarla y luego cuestionarla las cosas seguir\u00e1n tal y como han estado hasta ahora.<\/p>\n<p>En ese sentido desde DHSF hemos iniciado una campa\u00f1a de informaci\u00f3n durante las ultimas semanas del mes de setiembre denominado: \u201cVotar es tu derecho, elegir bien es tu deber\u201d. La campa\u00f1a a la que se han sumado diversas organizaciones, ha intentado sistematizar las hojas de vida y los planes de gobierno de los candidatos al gobierno regional del Cusco y a las municipalidades provinciales de Chumbivilcas, Espinar y Paruro. Los \u00edtems a revisar en las hojas de vida y los planes han estado centrados en: experiencia en la gesti\u00f3n p\u00fablica, ingresos econ\u00f3micos y si tiene sentencias judiciales de alg\u00fan tipo, de otro lado en los planes de gobierno se han revisado los planteamientos que los candidatos tienen en relaci\u00f3n a los derechos de los pueblos ind\u00edgenas, lucha contra la corrupci\u00f3n, agenda de la mujer, acciones en favor de los j\u00f3venes, el medio ambiente y la actividad minera. Temas que desde DHSF nos parecen claves para hablar sobre la agenda de los derechos humanos en provincias altas y Cusco.<\/p>\n<p>Lo que hemos encontrado en la revisi\u00f3n de las hojas de vida y los planes de gobierno de los candidatos y candidatas al sill\u00f3n municipal y al gobierno regional del Cusco en los temas se\u00f1alados no es de sorprender, primero porque la mayor\u00eda de los candidatos mencionan aspectos generales en sus planes de\u00a0gobierno sobre los derechos de pueblos ind\u00edgenas, y el apoyo a los j\u00f3venes, un poco menos sobre el tema de lucha contra la corrupci\u00f3n y el tema medio ambiental y de la gran miner\u00eda, pero casi absolutamente nada sobre la situaci\u00f3n de la mujer y sobre como atender la problem\u00e1tica de la violencia y participaci\u00f3n pol\u00edtica de las mujeres. Sin duda esto refleja las prioridades que tendr\u00e1n las nuevas autoridades locales en relaci\u00f3n a los temas y\/o agendas mencionadas. Menci\u00f3n a parte merece las hojas de vida, de lo revisado podemos se\u00f1alar que hay pocos\u00a0candidatos con experiencias de gesti\u00f3n p\u00fablica, algunos han declarado solo montos generales de sus ingresos, y claro unos cuantos mencionan sus sentencias por temas de alimentos, entre otros casos, un dato interesante por ejemplo en Chumbivilcas es que la mayor\u00eda de candidatos viene de experiencias de trabajo en actividad minera, sea de gran miner\u00eda o de peque\u00f1a miner\u00eda, en estos casos los ingresos econ\u00f3micos de estas personas indudablemente ha aumentado.<\/p>\n<p><strong>\u00bfY la agenda del corredor minero en el sur andino?<\/strong><\/p>\n<p>Un tema a parte es la discusi\u00f3n sobre la agenda del corredor minero en estas elecciones, como se sabe buena parte del territorio de provincias altas como son Espinar y Chumbivilcas en Cusco, Cotabambas en Apur\u00edmac y en varias provincias de Puno y Arequipa los territorios se encuentran concesionados para actividad minera, principalmente para gran miner\u00eda, en la mayor\u00eda de estas regiones existen operaciones mineras como son Las Bambas en Apur\u00edmac, Antapaccay y HudBay en Cusco, Beer Creek en Puno, Cerro Verde en Arequipa, algunos de estos proyectos est\u00e1n en fase de ampliaci\u00f3n, lo que significa que la actividad extractiva estar\u00e1 presente por muchos a\u00f1os en estas regiones.<\/p>\n<p>Los impactos de la presencia minera en el sur andino se evidencian de diferentes formas, muchos de estos proyectos ya tienen m\u00e1s de 30 o 40 a\u00f1os en la zona, como es el caso de Tintaya Antapaccay en Espinar y Cerro Verde en Arequipa, y otros m\u00e1s recientes como Hudbay en Chumbivilcas y Las Bambas en Cotabambas, una de las principales preocupaciones de las poblaciones locales son los impactos ambientales y a la salud humana de la actividad minera, as\u00ed como la contaminaci\u00f3n del agua y de su territorio, si bien la responsabilidad es de las empresas mineras, el Estado es el principal garante de hacer respetar estos derechos. Otro aspecto que nos parece relevante, es el aporte al desarrollo del distrito, la provincia y la regi\u00f3n de la actividad extractiva, y ojo esto no pasa solo por el aporte econ\u00f3mico, se cree que a mayor ingreso econ\u00f3mico autom\u00e1ticamente viene el desarrollo, algo que no necesariamente es as\u00ed. Adem\u00e1s la instancia que debe regular el desarrollo de un distrito, provincia y regi\u00f3n es la autoridad local y su poblaci\u00f3n, es a trav\u00e9s de los espacios de concertaci\u00f3n de los gobiernos locales que debe pasar el aporte de la actividad minera.<\/p>\n<p>Por eso nos parece sumamente importante que los candidatos se pronuncien y planteen acciones concretas en relaci\u00f3n a estos temas, la agenda de los derechos humanos como tal pasa por garantizar el acceso real a estos derechos de las poblaciones que lo sufren, en el caso del corredor minero este acceso pasa por el derecho a la informaci\u00f3n, a la participaci\u00f3n y a la consulta previa, as\u00ed como el derecho a un medio ambiente sano, el derecho a la salud (por presencia de metales t\u00f3xicos). Pero sobre todo que las poblaciones locales tengan el derecho a la libertad de expresi\u00f3n y opini\u00f3n, ya que mucho de los l\u00edderes y dirigentes que protestan y reclaman hoy en d\u00eda en estos territorios son autom\u00e1ticamente denunciados y\/o investigados por ejercer su derecho a la protesta. Bajo este escenario es que estamos eligiendo a nuestras nuevas autoridades locales y regionales en el espacio territorial del corredor minero de Apur\u00edmac, Cusco, Puno y Arequipa. Por eso en estas elecciones recuerda que \u201cVotar es tu derecho y elegir bien es tu deber\u201d.<\/p>","protected":false},"excerpt":{"rendered":"<p>\u00bfY la agenda de los derechos humanos en estas elecciones? Por Jaime Borda- Director DHSF Finalmente la campa\u00f1a electoral por las elecciones regionales y municipales ha culminado, seguramente el 07 de octubre elegiremos a nuestras pr\u00f3ximas autoridades locales y regionales, y probablemente el 08 de octubre volveremos a la normalidad, es decir a lo mismo [&hellip;]<\/p>\n","protected":false},"author":1,"featured_media":4584,"comment_status":"open","ping_status":"open","sticky":false,"template":"","format":"standard","meta":{"_monsterinsights_skip_tracking":false,"_monsterinsights_sitenote_active":false,"_monsterinsights_sitenote_note":"","_monsterinsights_sitenote_category":0,"_jetpack_memberships_contains_paid_content":false,"footnotes":"","jetpack_publicize_message":"","jetpack_publicize_feature_enabled":true,"jetpack_social_post_already_shared":false,"jetpack_social_options":{"image_generator_settings":{"template":"highway","default_image_id":0,"font":"","enabled":false},"version":2}},"categories":[1],"tags":[],"class_list":["post-4583","post","type-post","status-publish","format-standard","has-post-thumbnail","hentry","category-sin-categoria"],"blocksy_meta":[],"jetpack_publicize_connections":[],"jetpack_featured_media_url":"https:\/\/derechosinfronteras.pe\/wp-content\/uploads\/2018\/10\/Elecciones-y-DDHH-e1538856126729.jpg","jetpack_sharing_enabled":true,"jetpack_likes_enabled":true,"_links":{"self":[{"href":"https:\/\/derechosinfronteras.pe\/ingles\/wp-json\/wp\/v2\/posts\/4583","targetHints":{"allow":["GET"]}}],"collection":[{"href":"https:\/\/derechosinfronteras.pe\/ingles\/wp-json\/wp\/v2\/posts"}],"about":[{"href":"https:\/\/derechosinfronteras.pe\/ingles\/wp-json\/wp\/v2\/types\/post"}],"author":[{"embeddable":true,"href":"https:\/\/derechosinfronteras.pe\/ingles\/wp-json\/wp\/v2\/users\/1"}],"replies":[{"embeddable":true,"href":"https:\/\/derechosinfronteras.pe\/ingles\/wp-json\/wp\/v2\/comments?post=4583"}],"version-history":[{"count":0,"href":"https:\/\/derechosinfronteras.pe\/ingles\/wp-json\/wp\/v2\/posts\/4583\/revisions"}],"wp:featuredmedia":[{"embeddable":true,"href":"https:\/\/derechosinfronteras.pe\/ingles\/wp-json\/wp\/v2\/media\/4584"}],"wp:attachment":[{"href":"https:\/\/derechosinfronteras.pe\/ingles\/wp-json\/wp\/v2\/media?parent=4583"}],"wp:term":[{"taxonomy":"category","embeddable":true,"href":"https:\/\/derechosinfronteras.pe\/ingles\/wp-json\/wp\/v2\/categories?post=4583"},{"taxonomy":"post_tag","embeddable":true,"href":"https:\/\/derechosinfronteras.pe\/ingles\/wp-json\/wp\/v2\/tags?post=4583"}],"curies":[{"name":"wp","href":"https:\/\/api.w.org\/{rel}","templated":true}]}}