{"id":4590,"date":"2018-10-03T11:40:20","date_gmt":"2018-10-03T16:40:20","guid":{"rendered":"http:\/\/derechosinfronteras.pe\/?p=4151"},"modified":"2018-10-03T11:40:20","modified_gmt":"2018-10-03T16:40:20","slug":"hace-5-dias-comunidades-de-espinar-en-protesta-contra-la-empresa-minera","status":"publish","type":"post","link":"https:\/\/derechosinfronteras.pe\/ingles\/hace-5-dias-comunidades-de-espinar-en-protesta-contra-la-empresa-minera\/","title":{"rendered":"Hace 5 d\u00edas comunidades de Espinar en protesta contra la empresa minera"},"content":{"rendered":"<p style=\"text-align: justify;\">En la provincia de Espinar desde el \u00faltimo 28 de setiembre tres comunidades se vienen movilizando para exigir el cumplimiento de compromisos de la empresa minera Glencore Antapaccay extenci\u00f3n Corccohuiaco.<\/p>\n<blockquote>\n<p style=\"text-align: justify;\"><strong>Hace cinco d\u00edas las comunidades de Huini Corcocohuiaco, Paccopata y Huano Huano est\u00e1n emprendiendo diferentes medidas de protesta ante incumplimiento de compromisos\u00a0 de la empresa minera; Glencore Antapaccay ofreci\u00f3 capacitaciones, negociaci\u00f3n de tierras, oportunidades laborales entre otros temas.<\/strong><\/p>\n<\/blockquote>\n<figure id=\"attachment_4153\" aria-describedby=\"caption-attachment-4153\" style=\"width: 786px\" class=\"wp-caption aligncenter\"><img fetchpriority=\"high\" decoding=\"async\" class=\"wp-image-4153\" src=\"http:\/\/derechosinfronteras.pe\/wp-content\/uploads\/2018\/10\/Espinar-02-1024x576.jpg\" alt=\"\" width=\"786\" height=\"442\" \/><figcaption id=\"caption-attachment-4153\" class=\"wp-caption-text\">Otro aspecto que vienen denunciando las comunidades es el cierre de sus caminos ancestrales, la empresa ha instalado rejas met\u00e1licas limitando el libre tr\u00e1nsito.<\/figcaption><\/figure>\n<p style=\"text-align: justify;\">La poblaci\u00f3n de estas tres comunidades est\u00e1 pidiendo di\u00e1logo con el gerente de la empresa minera o un funcionario que pueda solucionar sus demandas, sin embargo la respuesta de Glencore ha sido enviar a personal de seguridad y pedir la intervenci\u00f3n de la Polic\u00eda Nacional, a partir de este hecho se han generado algunos enfrentamientos.<\/p>\n<p style=\"text-align: justify;\">Otro aspecto que vienen denunciando las comunidades es el cierre de sus caminos ancestrales, la empresa ha instalado rejas met\u00e1licas limitando el libre tr\u00e1nsito. Por \u00faltimo se ha alertado sobre la detenci\u00f3n del ex dirigente de Huanu Huanu, Julian Chuctaya fue intervenido el d\u00eda de ayer, el motivo de su detenci\u00f3n posiblemente ser\u00eda por otros motivos ajenos a la movilizaci\u00f3n.<\/p>\n<p>Fotos: Vidal Merma<\/p>\n<h5><strong>Noticia en curso, seguiremos informando&#8230;<\/strong><\/h5>","protected":false},"excerpt":{"rendered":"<p>En la provincia de Espinar desde el \u00faltimo 28 de setiembre tres comunidades se vienen movilizando para exigir el cumplimiento de compromisos de la empresa minera Glencore Antapaccay extenci\u00f3n Corccohuiaco. Hace cinco d\u00edas las comunidades de Huini Corcocohuiaco, Paccopata y Huano Huano est\u00e1n emprendiendo diferentes medidas de protesta ante incumplimiento de compromisos\u00a0 de la empresa [&hellip;]<\/p>\n","protected":false},"author":1,"featured_media":4591,"comment_status":"open","ping_status":"open","sticky":false,"template":"","format":"standard","meta":{"_monsterinsights_skip_tracking":false,"_monsterinsights_sitenote_active":false,"_monsterinsights_sitenote_note":"","_monsterinsights_sitenote_category":0,"_jetpack_memberships_contains_paid_content":false,"footnotes":"","jetpack_publicize_message":"","jetpack_publicize_feature_enabled":true,"jetpack_social_post_already_shared":false,"jetpack_social_options":{"image_generator_settings":{"template":"highway","default_image_id":0,"font":"","enabled":false},"version":2}},"categories":[1],"tags":[],"class_list":["post-4590","post","type-post","status-publish","format-standard","has-post-thumbnail","hentry","category-sin-categoria"],"blocksy_meta":[],"jetpack_publicize_connections":[],"jetpack_featured_media_url":"https:\/\/derechosinfronteras.pe\/wp-content\/uploads\/2018\/10\/Espinar-01.jpg","jetpack_sharing_enabled":true,"jetpack_likes_enabled":true,"_links":{"self":[{"href":"https:\/\/derechosinfronteras.pe\/ingles\/wp-json\/wp\/v2\/posts\/4590","targetHints":{"allow":["GET"]}}],"collection":[{"href":"https:\/\/derechosinfronteras.pe\/ingles\/wp-json\/wp\/v2\/posts"}],"about":[{"href":"https:\/\/derechosinfronteras.pe\/ingles\/wp-json\/wp\/v2\/types\/post"}],"author":[{"embeddable":true,"href":"https:\/\/derechosinfronteras.pe\/ingles\/wp-json\/wp\/v2\/users\/1"}],"replies":[{"embeddable":true,"href":"https:\/\/derechosinfronteras.pe\/ingles\/wp-json\/wp\/v2\/comments?post=4590"}],"version-history":[{"count":0,"href":"https:\/\/derechosinfronteras.pe\/ingles\/wp-json\/wp\/v2\/posts\/4590\/revisions"}],"wp:featuredmedia":[{"embeddable":true,"href":"https:\/\/derechosinfronteras.pe\/ingles\/wp-json\/wp\/v2\/media\/4591"}],"wp:attachment":[{"href":"https:\/\/derechosinfronteras.pe\/ingles\/wp-json\/wp\/v2\/media?parent=4590"}],"wp:term":[{"taxonomy":"category","embeddable":true,"href":"https:\/\/derechosinfronteras.pe\/ingles\/wp-json\/wp\/v2\/categories?post=4590"},{"taxonomy":"post_tag","embeddable":true,"href":"https:\/\/derechosinfronteras.pe\/ingles\/wp-json\/wp\/v2\/tags?post=4590"}],"curies":[{"name":"wp","href":"https:\/\/api.w.org\/{rel}","templated":true}]}}