{"id":4592,"date":"2018-09-25T11:56:27","date_gmt":"2018-09-25T16:56:27","guid":{"rendered":"http:\/\/derechosinfronteras.pe\/?p=4147"},"modified":"2018-09-25T11:56:27","modified_gmt":"2018-09-25T16:56:27","slug":"cusco-accidente-de-transito-enluta-a-familias-chumbivilcanas","status":"publish","type":"post","link":"https:\/\/derechosinfronteras.pe\/ingles\/cusco-accidente-de-transito-enluta-a-familias-chumbivilcanas\/","title":{"rendered":"Cusco: Accidente de tr\u00e1nsito enluta a familias chumbivilcanas"},"content":{"rendered":"<p>25 de setiembre. Ayer, al promediar las tres de la tarde, se registr\u00f3 un lamentable accidente de tr\u00e1nsito de la empresa \u2018Mar\u00eda B\u00e9len\u2019, el veh\u00edculo se dirig\u00eda hasta la provincia cusque\u00f1a de Chumbivilcas. El hecho ocurri\u00f3 en Yaurisque, sector Miska, cerca al puente Tincoc, causando la muerte de 12 personas y 16 heridos.<\/p>\n<p>Seg\u00fan las primeras investigaciones, el \u00f3mnibus de la empresa de transportes \u201cMar\u00eda Bel\u00e9n\u201d impacto con otro veh\u00edculo de placa C1M-956, color turquesa gris, marca Volkswagen, de propiedad de la Empresa ECO NATURA, cuyo paradero del conductor es incierto.<\/p>\n<p>Hoy, a primeras horas de la ma\u00f1ana, la poblaci\u00f3n y autoridades de Chumbivilcas se reunieron en la Plaza de Santo T\u00f3mas, izando banderas a media asta, para rendir homenaje a las personas fallecidas.<\/p>\n<p>Desde <a href=\"https:\/\/www.facebook.com\/derechossinfronteras.pe\/\" target=\"_blank\" rel=\"noopener\">Derechos Humanos sin Fronteras<\/a>, expresamos nuestras m\u00e1s sentidas condolencias, y nos unimos a las actividades de solidaridad.<\/p>\n<p>Los heridos son:<\/p>\n<ul>\n<li>Sixto CONDORI PUMA (48)<\/li>\n<li>Olivia HUAYLLAS A\u00d1O (37)<\/li>\n<li>Sabina CACYA JARA (42)<\/li>\n<li>Daniel ARAGON MANCHEGO (36)<\/li>\n<li>Jos\u00e9 CALDERON QUISPE (46)<\/li>\n<li>Eva BACA URQUIZO<\/li>\n<li>Asusena CONDORI PALMA (02)<\/li>\n<li>Jacinta PALMA SURCO (25)<\/li>\n<li>Ronald PE\u00d1AFIEL CONDORI (18)<\/li>\n<li>Julver NINA QUISPECHOQUE (22)<\/li>\n<li>Juan David QOSQUINO HUAYLLAS (05)<\/li>\n<li>Frida QUISPE LOPEZ (60)<\/li>\n<li>Lorenza LEON URQUIZO (36)<\/li>\n<li>Robert CABRERA SILVA (32)<\/li>\n<li>\u00a0Antonia VENERO MEDINA (42)<\/li>\n<li>Remigia SALHUA CCANAHUIRE (52)<\/li>\n<\/ul>\n<p>Esta SER\u00cdA la lista de los fallecidos &#8211; retractando la informaci\u00f3n con lista de pasajeros y lista de heridos , aun estamos en espera de la informaci\u00f3n ver\u00eddica de instancias pertinentes .<\/p>\n<p>LISTA DE FALLECIDOS:<\/p>\n<ul>\n<li>Cristofer Cabrera \u00c1lvarez,<\/li>\n<li>Hilda Huillca Ham\u00e1n,<\/li>\n<li>Juan Challco Huanca,<\/li>\n<li>Flor Chirinos Mantilla,<\/li>\n<li>Valent\u00edn Chauca Centeno,<\/li>\n<li>Timotea Pacco Layme,<\/li>\n<li>Leo Alvis Romero,<\/li>\n<li>Mariana Maqui Lima,<\/li>\n<li>Jes\u00fas Maqui Ataucuri,<\/li>\n<li>Arag\u00f3n Capchi<\/li>\n<li>Teofilo Casquina,<\/li>\n<li>Sixto Condori Puma,<\/li>\n<\/ul>","protected":false},"excerpt":{"rendered":"<p>25 de setiembre. Ayer, al promediar las tres de la tarde, se registr\u00f3 un lamentable accidente de tr\u00e1nsito de la empresa \u2018Mar\u00eda B\u00e9len\u2019, el veh\u00edculo se dirig\u00eda hasta la provincia cusque\u00f1a de Chumbivilcas. El hecho ocurri\u00f3 en Yaurisque, sector Miska, cerca al puente Tincoc, causando la muerte de 12 personas y 16 heridos. Seg\u00fan las [&hellip;]<\/p>\n","protected":false},"author":1,"featured_media":4593,"comment_status":"open","ping_status":"open","sticky":false,"template":"","format":"standard","meta":{"_monsterinsights_skip_tracking":false,"_monsterinsights_sitenote_active":false,"_monsterinsights_sitenote_note":"","_monsterinsights_sitenote_category":0,"_jetpack_memberships_contains_paid_content":false,"footnotes":"","jetpack_publicize_message":"","jetpack_publicize_feature_enabled":true,"jetpack_social_post_already_shared":false,"jetpack_social_options":{"image_generator_settings":{"template":"highway","default_image_id":0,"font":"","enabled":false},"version":2}},"categories":[1],"tags":[],"class_list":["post-4592","post","type-post","status-publish","format-standard","has-post-thumbnail","hentry","category-sin-categoria"],"blocksy_meta":[],"jetpack_publicize_connections":[],"jetpack_featured_media_url":"https:\/\/derechosinfronteras.pe\/wp-content\/uploads\/2018\/09\/chumbi-acc.jpg","jetpack_sharing_enabled":true,"jetpack_likes_enabled":true,"_links":{"self":[{"href":"https:\/\/derechosinfronteras.pe\/ingles\/wp-json\/wp\/v2\/posts\/4592","targetHints":{"allow":["GET"]}}],"collection":[{"href":"https:\/\/derechosinfronteras.pe\/ingles\/wp-json\/wp\/v2\/posts"}],"about":[{"href":"https:\/\/derechosinfronteras.pe\/ingles\/wp-json\/wp\/v2\/types\/post"}],"author":[{"embeddable":true,"href":"https:\/\/derechosinfronteras.pe\/ingles\/wp-json\/wp\/v2\/users\/1"}],"replies":[{"embeddable":true,"href":"https:\/\/derechosinfronteras.pe\/ingles\/wp-json\/wp\/v2\/comments?post=4592"}],"version-history":[{"count":0,"href":"https:\/\/derechosinfronteras.pe\/ingles\/wp-json\/wp\/v2\/posts\/4592\/revisions"}],"wp:featuredmedia":[{"embeddable":true,"href":"https:\/\/derechosinfronteras.pe\/ingles\/wp-json\/wp\/v2\/media\/4593"}],"wp:attachment":[{"href":"https:\/\/derechosinfronteras.pe\/ingles\/wp-json\/wp\/v2\/media?parent=4592"}],"wp:term":[{"taxonomy":"category","embeddable":true,"href":"https:\/\/derechosinfronteras.pe\/ingles\/wp-json\/wp\/v2\/categories?post=4592"},{"taxonomy":"post_tag","embeddable":true,"href":"https:\/\/derechosinfronteras.pe\/ingles\/wp-json\/wp\/v2\/tags?post=4592"}],"curies":[{"name":"wp","href":"https:\/\/api.w.org\/{rel}","templated":true}]}}