{"id":4594,"date":"2018-09-22T13:21:12","date_gmt":"2018-09-22T18:21:12","guid":{"rendered":"http:\/\/derechosinfronteras.pe\/?p=4140"},"modified":"2018-09-22T13:21:12","modified_gmt":"2018-09-22T18:21:12","slug":"chumbivilcas-pcm-pide-retomar-el-dialogo-en-velille","status":"publish","type":"post","link":"https:\/\/derechosinfronteras.pe\/ingles\/chumbivilcas-pcm-pide-retomar-el-dialogo-en-velille\/","title":{"rendered":"Chumbivilcas: PCM pide retomar el di\u00e1logo en Velille"},"content":{"rendered":"<p style=\"text-align: justify;\">La Presidencia del Consejo de Ministros (PCM) est\u00e1 retomando el di\u00e1logo con el distrito de Velille de la provincia de Chumbivilcas, <strong>la reuni\u00f3n se llevar\u00e1 el pr\u00f3ximo 25 de septiembre del 2018, en la instituci\u00f3n educativa de Velille.<\/strong><\/p>\n<p style=\"text-align: justify;\">El oficio dirigido al presidente del Frente de Defensa del distrito de Velille, Germ\u00e1n Valencia se indica que <strong>el Ejecutivo se compromete a acompa\u00f1ar el di\u00e1logo entre la poblaci\u00f3n y la empresa minera MMG Las Bambas.<\/strong><\/p>\n<p style=\"text-align: justify;\">A fines de agosto el Frente de Defensa junto con las comunidades de Velille emprendieron una huelga indefinida para exigir se reapertura una mesa de di\u00e1logo con la empresa minera y poder exponer sus demandas; producto de esa medida el 14 de setiembre se apertura una mesa t\u00e9cnica que no logr\u00f3 avanzar con ning\u00fan acuerdo.<\/p>\n<p style=\"text-align: justify;\"><strong>Para el di\u00e1logo del pr\u00f3ximo martes 25 el Ejecutivo ha delegado una comisi\u00f3n liderada por el Ministerio de Energ\u00eda y Minas y la Secretaria de Gesti\u00f3n Social y Di\u00e1logo.<\/strong><\/p>\n<h4><img fetchpriority=\"high\" decoding=\"async\" class=\"aligncenter wp-image-4142\" src=\"http:\/\/derechosinfronteras.pe\/wp-content\/uploads\/2018\/09\/Oficio-PCM-250x300.jpg\" alt=\"\" width=\"400\" height=\"480\" \/><span style=\"color: #ff0000;\"><strong>Tambi\u00e9n puede ver:<\/strong><\/span><\/h4>\n<h6 class=\"entry-title\"><strong><span style=\"color: #008080;\"><a style=\"color: #008080;\" href=\"http:\/\/derechosinfronteras.pe\/ingles\/velille-da-un-plazo-de-72-horas-para-retomar-dialogo-sino-radicalizara-su-lucha\/\">Velille da un plazo de 72 horas para retomar di\u00e1logo sino radicalizar\u00e1 su lucha<\/a><\/span><\/strong><\/h6>\n<h6 class=\"entry-title\"><strong><span style=\"color: #008080;\"><a style=\"color: #008080;\" href=\"http:\/\/derechosinfronteras.pe\/ingles\/chumbivilcas-pcm-inicia-proceso-de-dialogo-con-velille\/\">Chumbivilcas: PCM inicia proceso de di\u00e1logo con Velille<\/a><\/span><\/strong><\/h6>\n<h6 class=\"entry-title\"><a href=\"http:\/\/derechosinfronteras.pe\/ingles\/sobre-la-huelga-indefinida-de-velille-y-la-nueva-declaratoria-de-estado-de-emergencia-en-el-corredor-vial-minero\/\"><strong><span style=\"color: #008080;\">Sobre la huelga indefinida de Velille y la nueva declaratoria de Estado de Emergencia en el corredor vial minero<\/span><\/strong><\/a><\/h6>","protected":false},"excerpt":{"rendered":"<p>La Presidencia del Consejo de Ministros (PCM) est\u00e1 retomando el di\u00e1logo con el distrito de Velille de la provincia de Chumbivilcas, la reuni\u00f3n se llevar\u00e1 el pr\u00f3ximo 25 de septiembre del 2018, en la instituci\u00f3n educativa de Velille. El oficio dirigido al presidente del Frente de Defensa del distrito de Velille, Germ\u00e1n Valencia se indica [&hellip;]<\/p>\n","protected":false},"author":1,"featured_media":4595,"comment_status":"open","ping_status":"open","sticky":false,"template":"","format":"standard","meta":{"_monsterinsights_skip_tracking":false,"_monsterinsights_sitenote_active":false,"_monsterinsights_sitenote_note":"","_monsterinsights_sitenote_category":0,"_jetpack_memberships_contains_paid_content":false,"footnotes":"","jetpack_publicize_message":"","jetpack_publicize_feature_enabled":true,"jetpack_social_post_already_shared":false,"jetpack_social_options":{"image_generator_settings":{"template":"highway","default_image_id":0,"font":"","enabled":false},"version":2}},"categories":[1],"tags":[],"class_list":["post-4594","post","type-post","status-publish","format-standard","has-post-thumbnail","hentry","category-sin-categoria"],"blocksy_meta":[],"jetpack_publicize_connections":[],"jetpack_featured_media_url":"https:\/\/derechosinfronteras.pe\/wp-content\/uploads\/2018\/09\/conversacion-velille.jpg","jetpack_sharing_enabled":true,"jetpack_likes_enabled":true,"_links":{"self":[{"href":"https:\/\/derechosinfronteras.pe\/ingles\/wp-json\/wp\/v2\/posts\/4594","targetHints":{"allow":["GET"]}}],"collection":[{"href":"https:\/\/derechosinfronteras.pe\/ingles\/wp-json\/wp\/v2\/posts"}],"about":[{"href":"https:\/\/derechosinfronteras.pe\/ingles\/wp-json\/wp\/v2\/types\/post"}],"author":[{"embeddable":true,"href":"https:\/\/derechosinfronteras.pe\/ingles\/wp-json\/wp\/v2\/users\/1"}],"replies":[{"embeddable":true,"href":"https:\/\/derechosinfronteras.pe\/ingles\/wp-json\/wp\/v2\/comments?post=4594"}],"version-history":[{"count":0,"href":"https:\/\/derechosinfronteras.pe\/ingles\/wp-json\/wp\/v2\/posts\/4594\/revisions"}],"wp:featuredmedia":[{"embeddable":true,"href":"https:\/\/derechosinfronteras.pe\/ingles\/wp-json\/wp\/v2\/media\/4595"}],"wp:attachment":[{"href":"https:\/\/derechosinfronteras.pe\/ingles\/wp-json\/wp\/v2\/media?parent=4594"}],"wp:term":[{"taxonomy":"category","embeddable":true,"href":"https:\/\/derechosinfronteras.pe\/ingles\/wp-json\/wp\/v2\/categories?post=4594"},{"taxonomy":"post_tag","embeddable":true,"href":"https:\/\/derechosinfronteras.pe\/ingles\/wp-json\/wp\/v2\/tags?post=4594"}],"curies":[{"name":"wp","href":"https:\/\/api.w.org\/{rel}","templated":true}]}}