{"id":4596,"date":"2018-09-19T15:25:36","date_gmt":"2018-09-19T20:25:36","guid":{"rendered":"http:\/\/derechosinfronteras.pe\/?p=4134"},"modified":"2018-09-19T15:25:36","modified_gmt":"2018-09-19T20:25:36","slug":"espinar-comunidad-de-alto-huancane-pide-dialogo-con-la-empresa-minera-antapaccay","status":"publish","type":"post","link":"https:\/\/derechosinfronteras.pe\/ingles\/espinar-comunidad-de-alto-huancane-pide-dialogo-con-la-empresa-minera-antapaccay\/","title":{"rendered":"Espinar: Comunidad de Alto Huancane pide di\u00e1logo con la empresa minera Antapaccay"},"content":{"rendered":"<p style=\"text-align: justify;\">En la provincia de Espinar este \u00faltimo martes 19 de septiembre, la comunidad de Alto Huancane ha impulsado un plant\u00f3n en las puertas del campamento de la Compa\u00f1\u00eda Minera Antapaccay\u00a0 &#8211; Glencore con el objetivo de constituir una mesa de di\u00e1logo para Suscribir un Acuerdo de Efectos y Beneficios de Convivencia entre la Empresa Minera y la Comunidad.<\/p>\n<p style=\"text-align: justify;\">Esta solicitud se ha formalizado a partir de una Carta Notarial que describe y detalla la vulneraci\u00f3n de derechos que viene realizando la empresa minera, la comunidad de Alto Huancane quiere impulsar la mesa de di\u00e1logo para retomar las cinco agendas que no han sido resueltas.<\/p>\n<h5 style=\"text-align: justify;\">&#8211;\u00a0\u00a0\u00a0\u00a0\u00a0\u00a0\u00a0\u00a0\u00a0 Problema de los tres sectores.<\/h5>\n<h5 style=\"text-align: justify;\">&#8211;\u00a0\u00a0\u00a0\u00a0\u00a0\u00a0\u00a0\u00a0\u00a0 Empresa comunal, Empleo y Capacitaci\u00f3n.<\/h5>\n<h5 style=\"text-align: justify;\">&#8211;\u00a0\u00a0\u00a0\u00a0\u00a0\u00a0\u00a0\u00a0\u00a0 Desarrollo de la comunidad.<\/h5>\n<h5 style=\"text-align: justify;\">&#8211;\u00a0\u00a0\u00a0\u00a0\u00a0\u00a0\u00a0\u00a0\u00a0 Medio Ambiente<\/h5>\n<h5 style=\"text-align: justify;\">&#8211;\u00a0\u00a0\u00a0\u00a0\u00a0\u00a0\u00a0\u00a0\u00a0 Derechos Humanos.<\/h5>\n<p style=\"text-align: justify;\"><img fetchpriority=\"high\" decoding=\"async\" class=\"aligncenter  wp-image-4136\" src=\"http:\/\/derechosinfronteras.pe\/wp-content\/uploads\/2018\/09\/ah02.jpg\" alt=\"\" width=\"750\" height=\"500\" \/>Alrededor de 40 personas de la comunidad se constituyeron en las puertas de la empresa minera desde las 8:00 am, al promediar las once de la ma\u00f1ana ellos fueron recibidos por dos coordinadores de Relaciones Comunitarias para indicar que la respuesta de la minera Antapaccay tambi\u00e9n ser\u00e1 con una carta notarial en el lapso de tres a cuatro d\u00edas. No se aperson\u00f3 ning\u00fan funcionario de alto nivel de la empresa minera.<\/p>\n<p style=\"text-align: justify;\">Al respecto, Flavio Huanqui, presidente de la comunidad de Alto Huancane indic\u00f3 que esperaran cuatro d\u00edas la respuesta de la empresa, caso contrario iniciaran la movilizaci\u00f3n de toda la comunidad.<\/p>\n<p style=\"text-align: justify;\">En la carta notarial textualmente menciona:<\/p>\n<blockquote>\n<p style=\"text-align: justify;\"><strong>\u201dSeg\u00fan la carta enviada por la comunidad con fecha 07 de mayo del presente a\u00f1o con el inter\u00e9s de conversar y solucionar el problema Socio \u2013 Ambiental en nuestra comunidad ocasionada por la explotaci\u00f3n minera que Ud. Representa, se ha demostrado que primero es vuestro intereses de la Modificatoria de MEIA de Corocohuayco y no el problema que ocasionaron durante 35 a\u00f1os que trajo p\u00e9rdidas para nuestra comunidad\u201d.<\/strong><\/p>\n<\/blockquote>\n<p style=\"text-align: justify;\">Flavio Huanque ha informado que en la carta notarial se pide una indemnizaci\u00f3n junto con once puntos a solucionar, entre ellos afectados a la salud por metales pesados, soluci\u00f3n de la filtraci\u00f3n de la presa de Relaves, Reinicio de la Empresa Comunal y Consulta Previa para nuevo proyecto minero de Corccohuayco.<\/p>\n<p><img decoding=\"async\" class=\"aligncenter  wp-image-4138\" src=\"http:\/\/derechosinfronteras.pe\/wp-content\/uploads\/2018\/09\/ah01.jpg\" alt=\"\" width=\"749\" height=\"420\" \/>Fotos: Vidal Merma<\/p>","protected":false},"excerpt":{"rendered":"<p>En la provincia de Espinar este \u00faltimo martes 19 de septiembre, la comunidad de Alto Huancane ha impulsado un plant\u00f3n en las puertas del campamento de la Compa\u00f1\u00eda Minera Antapaccay\u00a0 &#8211; Glencore con el objetivo de constituir una mesa de di\u00e1logo para Suscribir un Acuerdo de Efectos y Beneficios de Convivencia entre la Empresa Minera [&hellip;]<\/p>\n","protected":false},"author":1,"featured_media":4597,"comment_status":"open","ping_status":"open","sticky":false,"template":"","format":"standard","meta":{"_monsterinsights_skip_tracking":false,"_monsterinsights_sitenote_active":false,"_monsterinsights_sitenote_note":"","_monsterinsights_sitenote_category":0,"_jetpack_memberships_contains_paid_content":false,"footnotes":"","jetpack_publicize_message":"","jetpack_publicize_feature_enabled":true,"jetpack_social_post_already_shared":false,"jetpack_social_options":{"image_generator_settings":{"template":"highway","default_image_id":0,"font":"","enabled":false},"version":2}},"categories":[1],"tags":[],"class_list":["post-4596","post","type-post","status-publish","format-standard","has-post-thumbnail","hentry","category-sin-categoria"],"blocksy_meta":[],"jetpack_publicize_connections":[],"jetpack_featured_media_url":"https:\/\/derechosinfronteras.pe\/wp-content\/uploads\/2018\/09\/ah03.jpg","jetpack_sharing_enabled":true,"jetpack_likes_enabled":true,"_links":{"self":[{"href":"https:\/\/derechosinfronteras.pe\/ingles\/wp-json\/wp\/v2\/posts\/4596","targetHints":{"allow":["GET"]}}],"collection":[{"href":"https:\/\/derechosinfronteras.pe\/ingles\/wp-json\/wp\/v2\/posts"}],"about":[{"href":"https:\/\/derechosinfronteras.pe\/ingles\/wp-json\/wp\/v2\/types\/post"}],"author":[{"embeddable":true,"href":"https:\/\/derechosinfronteras.pe\/ingles\/wp-json\/wp\/v2\/users\/1"}],"replies":[{"embeddable":true,"href":"https:\/\/derechosinfronteras.pe\/ingles\/wp-json\/wp\/v2\/comments?post=4596"}],"version-history":[{"count":0,"href":"https:\/\/derechosinfronteras.pe\/ingles\/wp-json\/wp\/v2\/posts\/4596\/revisions"}],"wp:featuredmedia":[{"embeddable":true,"href":"https:\/\/derechosinfronteras.pe\/ingles\/wp-json\/wp\/v2\/media\/4597"}],"wp:attachment":[{"href":"https:\/\/derechosinfronteras.pe\/ingles\/wp-json\/wp\/v2\/media?parent=4596"}],"wp:term":[{"taxonomy":"category","embeddable":true,"href":"https:\/\/derechosinfronteras.pe\/ingles\/wp-json\/wp\/v2\/categories?post=4596"},{"taxonomy":"post_tag","embeddable":true,"href":"https:\/\/derechosinfronteras.pe\/ingles\/wp-json\/wp\/v2\/tags?post=4596"}],"curies":[{"name":"wp","href":"https:\/\/api.w.org\/{rel}","templated":true}]}}