{"id":4600,"date":"2018-09-14T21:07:13","date_gmt":"2018-09-15T02:07:13","guid":{"rendered":"http:\/\/derechosinfronteras.pe\/?p=4128"},"modified":"2018-09-14T21:07:13","modified_gmt":"2018-09-15T02:07:13","slug":"velille-da-un-plazo-de-72-horas-para-retomar-dialogo-sino-radicalizara-su-lucha","status":"publish","type":"post","link":"https:\/\/derechosinfronteras.pe\/ingles\/velille-da-un-plazo-de-72-horas-para-retomar-dialogo-sino-radicalizara-su-lucha\/","title":{"rendered":"Velille da un plazo de 72 horas para retomar di\u00e1logo sino radicalizar\u00e1 su lucha"},"content":{"rendered":"<p style=\"text-align: justify;\">El distrito de Velille ha emitido un pronunciamiento en donde pone al gobierno un plazo de 72 horas para que una comisi\u00f3n se constituya en el distrito para reestablecer el di\u00e1logo y se pueda solucionar los problemas que el distrito est\u00e1 denunciando. <strong>El pronunciamiento ha sido suscrito por las organizaciones vivas de Velille y advierten que si no hay una respuesta radicalizaran su medida de fuerza, responsabilizando de esta situaci\u00f3n a la empresa minera MMG Las Bambas y al gobierno de Mart\u00edn Vizcarra.<\/strong><\/p>\n<p style=\"text-align: justify;\"><strong>Este viernes 14 de septiembre se llev\u00f3 a cabo la reuni\u00f3n de mesa t\u00e9cnica entre los comisionados de la Presidencia del Consejo de Ministros (PCM)<\/strong>, el Ministerio de Energ\u00eda y Minas (MINEM), las organizaciones sociales del distrito de Velille y la Defensor\u00eda del Pueblo, \u00a0dicho espacio no logr\u00f3 dar una soluci\u00f3n a las demandas del distrito y los problemas que tiene con la empresa Las Bambas, <strong>el pronunciamiento describe la actitud de la comitiva como abusiva e irresponsable.<\/strong><\/p>\n<blockquote>\n<p style=\"text-align: justify;\"><strong>En la asamblea entre dirigentes y autoridades de Velille decidieron no otorgar\u00a0 m\u00e1s recursos h\u00eddricos a la minera Las Bambas para el riego de la carretera; tambi\u00e9n, el pronunciamiento indica que las comunidades har\u00e1n uso de su derecho de propiedad de los territorios que han sido utilizados como carretera; <\/strong><strong>ambas decisiones han sido informados a los entes competentes, a la Autoridad Nacional del Agua (ANA) y al Ministerio de Transportes y Comunicaciones.<\/strong><\/p>\n<p>&nbsp;<\/p><\/blockquote>\n<figure id=\"attachment_4129\" aria-describedby=\"caption-attachment-4129\" style=\"width: 359px\" class=\"wp-caption aligncenter\"><img fetchpriority=\"high\" decoding=\"async\" class=\"wp-image-4129\" src=\"http:\/\/derechosinfronteras.pe\/wp-content\/uploads\/2018\/09\/pronunciamiento-225x300.jpg\" alt=\"\" width=\"359\" height=\"479\" \/><figcaption id=\"caption-attachment-4129\" class=\"wp-caption-text\">El pronunciamiento ha sido suscrito por las organizaciones vivas de Velille y advierten que si no hay una respuesta radicalizaran su medida de fuerza.<\/figcaption><\/figure>\n<p style=\"text-align: justify;\">Por \u00faltimo se solicita el levantamiento del Estado de Emergencia del corredor minero, as\u00ed como la exigencia al Ministerio P\u00fablico, Poder Judicial y la Polic\u00eda Nacional de no criminalizar, ni penalizar a los dirigentes y poblaci\u00f3n del distrito de Velille.<\/p>","protected":false},"excerpt":{"rendered":"<p>El distrito de Velille ha emitido un pronunciamiento en donde pone al gobierno un plazo de 72 horas para que una comisi\u00f3n se constituya en el distrito para reestablecer el di\u00e1logo y se pueda solucionar los problemas que el distrito est\u00e1 denunciando. El pronunciamiento ha sido suscrito por las organizaciones vivas de Velille y advierten [&hellip;]<\/p>\n","protected":false},"author":1,"featured_media":4601,"comment_status":"open","ping_status":"open","sticky":false,"template":"","format":"standard","meta":{"_monsterinsights_skip_tracking":false,"_monsterinsights_sitenote_active":false,"_monsterinsights_sitenote_note":"","_monsterinsights_sitenote_category":0,"_jetpack_memberships_contains_paid_content":false,"footnotes":"","jetpack_publicize_message":"","jetpack_publicize_feature_enabled":true,"jetpack_social_post_already_shared":false,"jetpack_social_options":{"image_generator_settings":{"template":"highway","default_image_id":0,"font":"","enabled":false},"version":2}},"categories":[1],"tags":[],"class_list":["post-4600","post","type-post","status-publish","format-standard","has-post-thumbnail","hentry","category-sin-categoria"],"blocksy_meta":[],"jetpack_publicize_connections":[],"jetpack_featured_media_url":"https:\/\/derechosinfronteras.pe\/wp-content\/uploads\/2018\/09\/Velille-asamblea.jpg","jetpack_sharing_enabled":true,"jetpack_likes_enabled":true,"_links":{"self":[{"href":"https:\/\/derechosinfronteras.pe\/ingles\/wp-json\/wp\/v2\/posts\/4600","targetHints":{"allow":["GET"]}}],"collection":[{"href":"https:\/\/derechosinfronteras.pe\/ingles\/wp-json\/wp\/v2\/posts"}],"about":[{"href":"https:\/\/derechosinfronteras.pe\/ingles\/wp-json\/wp\/v2\/types\/post"}],"author":[{"embeddable":true,"href":"https:\/\/derechosinfronteras.pe\/ingles\/wp-json\/wp\/v2\/users\/1"}],"replies":[{"embeddable":true,"href":"https:\/\/derechosinfronteras.pe\/ingles\/wp-json\/wp\/v2\/comments?post=4600"}],"version-history":[{"count":0,"href":"https:\/\/derechosinfronteras.pe\/ingles\/wp-json\/wp\/v2\/posts\/4600\/revisions"}],"wp:featuredmedia":[{"embeddable":true,"href":"https:\/\/derechosinfronteras.pe\/ingles\/wp-json\/wp\/v2\/media\/4601"}],"wp:attachment":[{"href":"https:\/\/derechosinfronteras.pe\/ingles\/wp-json\/wp\/v2\/media?parent=4600"}],"wp:term":[{"taxonomy":"category","embeddable":true,"href":"https:\/\/derechosinfronteras.pe\/ingles\/wp-json\/wp\/v2\/categories?post=4600"},{"taxonomy":"post_tag","embeddable":true,"href":"https:\/\/derechosinfronteras.pe\/ingles\/wp-json\/wp\/v2\/tags?post=4600"}],"curies":[{"name":"wp","href":"https:\/\/api.w.org\/{rel}","templated":true}]}}