{"id":4602,"date":"2018-09-13T19:14:17","date_gmt":"2018-09-14T00:14:17","guid":{"rendered":"http:\/\/derechosinfronteras.pe\/?p=4124"},"modified":"2018-09-13T19:14:17","modified_gmt":"2018-09-14T00:14:17","slug":"majes-siguas-ii-a-pesar-de-no-existir-pruebas-continuara-juicio-contra-los-ex-dirigentes-espinarenses","status":"publish","type":"post","link":"https:\/\/derechosinfronteras.pe\/ingles\/majes-siguas-ii-a-pesar-de-no-existir-pruebas-continuara-juicio-contra-los-ex-dirigentes-espinarenses\/","title":{"rendered":"Majes Siguas II: A pesar de no existir pruebas continuar\u00e1 juicio contra los ex dirigentes espinarenses"},"content":{"rendered":"<div class=\"fb-video\" data-allowfullscreen=\"true\" data-href=\"https:\/\/www.facebook.com\/derechossinfronteras.pe\/videos\/1945514382408547\/\" style=\"background-color: #fff; display: inline-block;\"><\/div>\n<p>Este jueves 13 de septiembre, los ex dirigentes de Espinar procesados por el caso Majes Siguas II realizaron una conferencia de prensa para informar sobre la situaci\u00f3n del proceso penal que afrontan en el Poder Judicial, tras ocho a\u00f1os del conflicto siguen siendo criminalizados por haber ejercido sus derechos.<\/p>\n<p>En la conferencia de prensa, en representaci\u00f3n de los once ex dirigentes criminalizados, estuvo Nestor Cutti, Horacio Quispe, Edgar Zeballos, Arturo Corahua y el Abog. Ramiro Llatas de Derechos Humanos Sin Fronteras; todos denunciaron que a pesar de tener una sentencia absolutoria y no existir medios probatorios que los comprometa, el procurador P\u00fablico apel\u00f3 la sentencia, el proceso judicial continuar\u00e1 en la Sala de Apelaciones de Sicuani.<\/p>\n<p>Al respecto N\u00e9stor Cutti indic\u00f3 que ellos defendieron el r\u00edo Apur\u00edmac y no es justo que por esa raz\u00f3n sean perseguidos por la justicia. De la misma forma Horacio Quispe refiri\u00f3 \u201cestamos indignados porque no se han encontrado pruebas que puedan determinar nuestra culpabilidad, en un momento el fiscal ha estado pidiendo 35 a\u00f1os de pena privativa para los once dirigentes y la reparaci\u00f3n civil de 30 mil soles\u201d.<\/p>\n<p>Ramiro Llatas del \u00c1rea Legal de Derechos Humanos Sin Fronteras, enfatiz\u00f3 que se debe destacar la sentencia de absoluci\u00f3n de los dirigentes, porque el colegiado indic\u00f3 que no se present\u00f3 ninguna prueba de la responsabilidad penal de los tres delitos que se les estaba imputando, uno de los m\u00e1s graves por extorci\u00f3n, una acusaci\u00f3n que solo se hace a las bandas criminales que secuestran a las personas con un fin econ\u00f3mico.<\/p>\n<p><strong>Nota:<\/strong> Como se recuerda en el a\u00f1o 2010 en la provincia cusque\u00f1a de Espinar, la poblaci\u00f3n inici\u00f3 manifestaciones y protestas en defensa de sus recursos h\u00eddricos que se ver\u00edan afectados por del otorgamiento de la licitaci\u00f3n para ejecutar el proyecto de la represa de Angostura.<\/p>\n<div class=\"fb-video\" data-allowfullscreen=\"true\" data-href=\"https:\/\/www.facebook.com\/derechossinfronteras.pe\/videos\/274648559834079\/\" style=\"background-color: #fff; display: inline-block;\"><\/div>\n<p>&nbsp;<\/p>\n<p>&nbsp;<\/p>\n<p>&nbsp;<\/p>","protected":false},"excerpt":{"rendered":"<p>Este jueves 13 de septiembre, los ex dirigentes de Espinar procesados por el caso Majes Siguas II realizaron una conferencia de prensa para informar sobre la situaci\u00f3n del proceso penal que afrontan en el Poder Judicial, tras ocho a\u00f1os del conflicto siguen siendo criminalizados por haber ejercido sus derechos. En la conferencia de prensa, en [&hellip;]<\/p>\n","protected":false},"author":1,"featured_media":4603,"comment_status":"open","ping_status":"open","sticky":false,"template":"","format":"standard","meta":{"_monsterinsights_skip_tracking":false,"_monsterinsights_sitenote_active":false,"_monsterinsights_sitenote_note":"","_monsterinsights_sitenote_category":0,"_jetpack_memberships_contains_paid_content":false,"footnotes":"","jetpack_publicize_message":"","jetpack_publicize_feature_enabled":true,"jetpack_social_post_already_shared":false,"jetpack_social_options":{"image_generator_settings":{"template":"highway","default_image_id":0,"font":"","enabled":false},"version":2}},"categories":[1],"tags":[],"class_list":["post-4602","post","type-post","status-publish","format-standard","has-post-thumbnail","hentry","category-sin-categoria"],"blocksy_meta":[],"jetpack_publicize_connections":[],"jetpack_featured_media_url":"https:\/\/derechosinfronteras.pe\/wp-content\/uploads\/2018\/09\/Majes-Web.jpg","jetpack_sharing_enabled":true,"jetpack_likes_enabled":true,"_links":{"self":[{"href":"https:\/\/derechosinfronteras.pe\/ingles\/wp-json\/wp\/v2\/posts\/4602","targetHints":{"allow":["GET"]}}],"collection":[{"href":"https:\/\/derechosinfronteras.pe\/ingles\/wp-json\/wp\/v2\/posts"}],"about":[{"href":"https:\/\/derechosinfronteras.pe\/ingles\/wp-json\/wp\/v2\/types\/post"}],"author":[{"embeddable":true,"href":"https:\/\/derechosinfronteras.pe\/ingles\/wp-json\/wp\/v2\/users\/1"}],"replies":[{"embeddable":true,"href":"https:\/\/derechosinfronteras.pe\/ingles\/wp-json\/wp\/v2\/comments?post=4602"}],"version-history":[{"count":0,"href":"https:\/\/derechosinfronteras.pe\/ingles\/wp-json\/wp\/v2\/posts\/4602\/revisions"}],"wp:featuredmedia":[{"embeddable":true,"href":"https:\/\/derechosinfronteras.pe\/ingles\/wp-json\/wp\/v2\/media\/4603"}],"wp:attachment":[{"href":"https:\/\/derechosinfronteras.pe\/ingles\/wp-json\/wp\/v2\/media?parent=4602"}],"wp:term":[{"taxonomy":"category","embeddable":true,"href":"https:\/\/derechosinfronteras.pe\/ingles\/wp-json\/wp\/v2\/categories?post=4602"},{"taxonomy":"post_tag","embeddable":true,"href":"https:\/\/derechosinfronteras.pe\/ingles\/wp-json\/wp\/v2\/tags?post=4602"}],"curies":[{"name":"wp","href":"https:\/\/api.w.org\/{rel}","templated":true}]}}