{"id":4604,"date":"2018-09-12T17:52:35","date_gmt":"2018-09-12T22:52:35","guid":{"rendered":"http:\/\/derechosinfronteras.pe\/?p=4117"},"modified":"2018-09-12T17:52:35","modified_gmt":"2018-09-12T22:52:35","slug":"pronunciamiento-fidtachepg-rechaza-estado-de-emergencia-en-el-corredor-minero-del-sur","status":"publish","type":"post","link":"https:\/\/derechosinfronteras.pe\/ingles\/pronunciamiento-fidtachepg-rechaza-estado-de-emergencia-en-el-corredor-minero-del-sur\/","title":{"rendered":"PRONUNCIAMIENTO: FIDTACHEPG rechaza Estado de emergencia en el corredor minero del sur"},"content":{"rendered":"<p>La Federaci\u00f3n Interprovincial de defensa territorial y ambiental de la provincia de Chumbivilcas, Espinar, Paruro y Grau (FIDTACHEPG). Frente \u00danico de Defensa de la provincia de Chumbivilcas, Frente \u00danico de defensa de la provincia de Grau, Frente \u00danico de Defensa de Cotabambas, Frente \u00danico de Defensa de Espinar, Frente \u00danico de la pravincia de Paruro, Liga Agraria &#8216;Arcadio Hurtado Romero&#8217; de la provincia de Chumbivilcas, La Federaci\u00f3n de rondas campesinas de la provincia de Chumbivilcas, Federaci\u00f3n de j\u00f3venes de la provincia de Chumbivilcas (FEJOPROCH) y dem\u00e1s organizaciones.<\/p>\n<p>1) Rechazamos el <a href=\"http:\/\/derechosinfronteras.pe\/ingles\/sobre-la-huelga-indefinida-de-velille-y-la-nueva-declaratoria-de-estado-de-emergencia-en-el-corredor-vial-minero\/\">Estado de emergencia<\/a> decretado por el gobierno (D.S.091-2018-PCM), ya que ello no puede ser una estrategia de gesti\u00f3n de conflictos de la criminalizaci\u00f3n social, adem\u00e1s que esta medida no resuelve los problemas de fondo, por tanto se est\u00e1 haciendo un uso abusivo en contra de los derechos de las comunidades y la poblaci\u00f3n que se encuentra en el corredor minero.<\/p>\n<p>2) Nos solidarizamos con nuestros hermanos del distrito de Velille y con la comunidad de Fuerabamba, por sus justas demandas reivindicativas, y llamamos al Estado para que inicie un proceso de di\u00e1logo por sus justas demandas.<\/p>\n<p>3) Las organizaciones antes mencionadas deslindamos y rechazamos el accionar de intereses ocultos de los abogados Hermanos Chavez, supuestamente defensores de los derechos de las comunidades, para ello alertamos a la entidad regional, nacional y otros, que no se dejen sorprender por los mencionados.<\/p>\n<p>4) Invocamos a los actores p\u00fablicos del gobierno central que den apertura a un di\u00e1logo sincero y sin corrupci\u00f3n.<\/p>\n<p style=\"text-align: right;\">Cusco &#8211; Apur\u00edmac, setiembre del 2018<\/p>\n<p><img fetchpriority=\"high\" decoding=\"async\" class=\"aligncenter size-full wp-image-4118\" src=\"http:\/\/derechosinfronteras.pe\/wp-content\/uploads\/2018\/09\/WhatsApp-Image-2018-09-12-at-4.38.07-PM.jpeg\" alt=\"\" width=\"930\" height=\"1241\" \/><\/p>\n<p style=\"text-align: right;\">","protected":false},"excerpt":{"rendered":"<p>La Federaci\u00f3n Interprovincial de defensa territorial y ambiental de la provincia de Chumbivilcas, Espinar, Paruro y Grau (FIDTACHEPG). Frente \u00danico de Defensa de la provincia de Chumbivilcas, Frente \u00danico de defensa de la provincia de Grau, Frente \u00danico de Defensa de Cotabambas, Frente \u00danico de Defensa de Espinar, Frente \u00danico de la pravincia de Paruro, [&hellip;]<\/p>\n","protected":false},"author":1,"featured_media":4605,"comment_status":"open","ping_status":"open","sticky":false,"template":"","format":"standard","meta":{"_monsterinsights_skip_tracking":false,"_monsterinsights_sitenote_active":false,"_monsterinsights_sitenote_note":"","_monsterinsights_sitenote_category":0,"_jetpack_memberships_contains_paid_content":false,"footnotes":"","jetpack_publicize_message":"","jetpack_publicize_feature_enabled":true,"jetpack_social_post_already_shared":false,"jetpack_social_options":{"image_generator_settings":{"template":"highway","default_image_id":0,"font":"","enabled":false},"version":2}},"categories":[1],"tags":[],"class_list":["post-4604","post","type-post","status-publish","format-standard","has-post-thumbnail","hentry","category-sin-categoria"],"blocksy_meta":[],"jetpack_publicize_connections":[],"jetpack_featured_media_url":"https:\/\/derechosinfronteras.pe\/wp-content\/uploads\/2018\/09\/Fidtachepg2.jpg","jetpack_sharing_enabled":true,"jetpack_likes_enabled":true,"_links":{"self":[{"href":"https:\/\/derechosinfronteras.pe\/ingles\/wp-json\/wp\/v2\/posts\/4604","targetHints":{"allow":["GET"]}}],"collection":[{"href":"https:\/\/derechosinfronteras.pe\/ingles\/wp-json\/wp\/v2\/posts"}],"about":[{"href":"https:\/\/derechosinfronteras.pe\/ingles\/wp-json\/wp\/v2\/types\/post"}],"author":[{"embeddable":true,"href":"https:\/\/derechosinfronteras.pe\/ingles\/wp-json\/wp\/v2\/users\/1"}],"replies":[{"embeddable":true,"href":"https:\/\/derechosinfronteras.pe\/ingles\/wp-json\/wp\/v2\/comments?post=4604"}],"version-history":[{"count":0,"href":"https:\/\/derechosinfronteras.pe\/ingles\/wp-json\/wp\/v2\/posts\/4604\/revisions"}],"wp:featuredmedia":[{"embeddable":true,"href":"https:\/\/derechosinfronteras.pe\/ingles\/wp-json\/wp\/v2\/media\/4605"}],"wp:attachment":[{"href":"https:\/\/derechosinfronteras.pe\/ingles\/wp-json\/wp\/v2\/media?parent=4604"}],"wp:term":[{"taxonomy":"category","embeddable":true,"href":"https:\/\/derechosinfronteras.pe\/ingles\/wp-json\/wp\/v2\/categories?post=4604"},{"taxonomy":"post_tag","embeddable":true,"href":"https:\/\/derechosinfronteras.pe\/ingles\/wp-json\/wp\/v2\/tags?post=4604"}],"curies":[{"name":"wp","href":"https:\/\/api.w.org\/{rel}","templated":true}]}}