{"id":4607,"date":"2018-09-12T11:34:47","date_gmt":"2018-09-12T16:34:47","guid":{"rendered":"http:\/\/derechosinfronteras.pe\/?p=4108"},"modified":"2018-09-12T11:34:47","modified_gmt":"2018-09-12T16:34:47","slug":"chumbivilcas-pcm-inicia-proceso-de-dialogo-con-velille","status":"publish","type":"post","link":"https:\/\/derechosinfronteras.pe\/ingles\/chumbivilcas-pcm-inicia-proceso-de-dialogo-con-velille\/","title":{"rendered":"Chumbivilcas: PCM inicia proceso de di\u00e1logo con Velille"},"content":{"rendered":"<p>El 30 de agosto, el distrito chumbivilcano de Velille inici\u00f3 un para indefinido para exigir a la empresa minera MMG Las Bambas los considere c\u00f3mo zona de influencia directa dentro de la modificatoria de su estudio de impacto ambiental, la mitigaci\u00f3n de la contaminaci\u00f3n sonora y ambiental debido al tr\u00e1nsito de m\u00e1s de 500 camiones al d\u00eda, y la firma de un convenio marco que promueva proyectos en beneficio de las comunidades. La empresa, c\u00f3mo lo han se\u00f1alado los dirigentes, no ha mostrado ning\u00fan inter\u00e9s por iniciar procesos de di\u00e1logo.<\/p>\n<p>Ante esta situaci\u00f3n, dirigentes de Velille, liderados por Germ\u00e1n Salcedo, presidente del Frente de Defensa, viajaron, el viernes 07 de setiembre hasta la capital, para sostener una reuni\u00f3n con representantes de la Defensor\u00eda del Pueblo, adem\u00e1s con los funcionarios del\u00a0Viceministerio de Gobernanza Territorial\u00a0quienes se comprometieron a iniciar el proceso de reinstalaci\u00f3n de la comisi\u00f3n t\u00e9cnica de trabajo.<\/p>\n<p>Ayer, 11 de setiembre, \u00a0la PCM, a trav\u00e9s del oficio m\u00faltiple N\u00b0 D000034-2018-PCM, emitido por la Secretaria de Gesti\u00f3n Social y Di\u00e1logo, dirigi\u00e9ndose a Sergio Valencia Salcedo, Alcalde de Velille; Wilfredo Castillo Coaquira, Presidente de la Federaci\u00f3n Distrital de Campesinos de Velille FEDICAV, y a German Salcedo Condori, Presidente del Frente \u00danico de Defensa del distrito de Velille \u2013 FUDIV, para anunciar que el pr\u00f3ximo 14 de setiembre, un equipo t\u00e9cnico estar\u00e1 presidido por el MINEN, llegar\u00e1 hasta Velille para iniciar el proceso de reinstalaci\u00f3n de la mesa de trabajo.<\/p>\n<p>Con este anuncio, el paro no se ha suspendido, a pesar que el gobierno, declaro en Estado de emergencia el corredor minero del sur.<\/p>\n<p>&nbsp;<\/p>\n<p style=\"margin: 12px auto 6px auto; font-family: Helvetica,Arial,Sans-serif; font-style: normal; font-variant: normal; font-weight: normal; font-size: 14px; line-height: normal; font-size-adjust: none; font-stretch: normal; -x-system-font: none; display: block;\"><a style=\"text-decoration: underline;\" title=\"View Oficio Multiple Nd000034 2018 Pcm Sgsd on Scribd\" href=\"https:\/\/www.scribd.com\/document\/388446643\/Oficio-Multiple-Nd000034-2018-Pcm-Sgsd#from_embed\" target=\"_blank\" rel=\"noopener\">Oficio Multiple Nd000034 2018 Pcm Sgsd<\/a> by <a style=\"text-decoration: underline;\" title=\"View Derechos Humanos Cusco&#039;s profile on Scribd\" href=\"https:\/\/www.scribd.com\/user\/319042434\/Derechos-Humanos-Cusco#from_embed\" target=\"_blank\" rel=\"noopener\">Derechos Humanos Cusco<\/a> on Scribd<\/p>\n<p><iframe id=\"doc_89426\" class=\"scribd_iframe_embed\" title=\"Oficio Multiple Nd000034 2018 Pcm Sgsd\" src=\"https:\/\/www.scribd.com\/embeds\/388446643\/content?start_page=1&amp;view_mode=scroll&amp;access_key=key-S9LOO95bHmiempHJYWNu&amp;show_recommendations=true\" width=\"100%\" height=\"600\" frameborder=\"0\" scrolling=\"no\" data-auto-height=\"false\" data-aspect-ratio=\"0.7080062794348508\"><\/iframe><\/p>","protected":false},"excerpt":{"rendered":"<p>El 30 de agosto, el distrito chumbivilcano de Velille inici\u00f3 un para indefinido para exigir a la empresa minera MMG Las Bambas los considere c\u00f3mo zona de influencia directa dentro de la modificatoria de su estudio de impacto ambiental, la mitigaci\u00f3n de la contaminaci\u00f3n sonora y ambiental debido al tr\u00e1nsito de m\u00e1s de 500 camiones [&hellip;]<\/p>\n","protected":false},"author":1,"featured_media":4608,"comment_status":"open","ping_status":"open","sticky":false,"template":"","format":"standard","meta":{"_monsterinsights_skip_tracking":false,"_monsterinsights_sitenote_active":false,"_monsterinsights_sitenote_note":"","_monsterinsights_sitenote_category":0,"_jetpack_memberships_contains_paid_content":false,"footnotes":"","jetpack_publicize_message":"","jetpack_publicize_feature_enabled":true,"jetpack_social_post_already_shared":false,"jetpack_social_options":{"image_generator_settings":{"template":"highway","default_image_id":0,"font":"","enabled":false},"version":2}},"categories":[1],"tags":[],"class_list":["post-4607","post","type-post","status-publish","format-standard","has-post-thumbnail","hentry","category-sin-categoria"],"blocksy_meta":[],"jetpack_publicize_connections":[],"jetpack_featured_media_url":"https:\/\/derechosinfronteras.pe\/wp-content\/uploads\/2018\/09\/PCM-Velille-e1536770047213.jpg","jetpack_sharing_enabled":true,"jetpack_likes_enabled":true,"_links":{"self":[{"href":"https:\/\/derechosinfronteras.pe\/ingles\/wp-json\/wp\/v2\/posts\/4607","targetHints":{"allow":["GET"]}}],"collection":[{"href":"https:\/\/derechosinfronteras.pe\/ingles\/wp-json\/wp\/v2\/posts"}],"about":[{"href":"https:\/\/derechosinfronteras.pe\/ingles\/wp-json\/wp\/v2\/types\/post"}],"author":[{"embeddable":true,"href":"https:\/\/derechosinfronteras.pe\/ingles\/wp-json\/wp\/v2\/users\/1"}],"replies":[{"embeddable":true,"href":"https:\/\/derechosinfronteras.pe\/ingles\/wp-json\/wp\/v2\/comments?post=4607"}],"version-history":[{"count":0,"href":"https:\/\/derechosinfronteras.pe\/ingles\/wp-json\/wp\/v2\/posts\/4607\/revisions"}],"wp:featuredmedia":[{"embeddable":true,"href":"https:\/\/derechosinfronteras.pe\/ingles\/wp-json\/wp\/v2\/media\/4608"}],"wp:attachment":[{"href":"https:\/\/derechosinfronteras.pe\/ingles\/wp-json\/wp\/v2\/media?parent=4607"}],"wp:term":[{"taxonomy":"category","embeddable":true,"href":"https:\/\/derechosinfronteras.pe\/ingles\/wp-json\/wp\/v2\/categories?post=4607"},{"taxonomy":"post_tag","embeddable":true,"href":"https:\/\/derechosinfronteras.pe\/ingles\/wp-json\/wp\/v2\/tags?post=4607"}],"curies":[{"name":"wp","href":"https:\/\/api.w.org\/{rel}","templated":true}]}}