{"id":4609,"date":"2018-09-07T13:05:59","date_gmt":"2018-09-07T18:05:59","guid":{"rendered":"http:\/\/derechosinfronteras.pe\/?p=4102"},"modified":"2018-09-07T13:05:59","modified_gmt":"2018-09-07T18:05:59","slug":"frente-de-defensa-de-cotabambas-de-apurimac-invoca-al-dialogo","status":"publish","type":"post","link":"https:\/\/derechosinfronteras.pe\/ingles\/frente-de-defensa-de-cotabambas-de-apurimac-invoca-al-dialogo\/","title":{"rendered":"Frente de Defensa de Cotabambas  de Apurimac invoca al di\u00e1logo"},"content":{"rendered":"<blockquote>\n<h5>El Frente de Defensa de los Intereses de la Provincia de Cotabambas \u2013 Apur\u00edmac ha emitido un pronunciamiento refiri\u00e9ndose al actual Estado de Emergencia en el corredor minero del sur y los impactos en las comunidades campesinas de la zona.<\/h5>\n<\/blockquote>\n<p>Las organizaciones sociales y gremios de Cotabambas vienen denunciando que este corredor minero ha implicado la construcci\u00f3n de carreteras sin consulta a sus comunidades y con una consecuente contaminaci\u00f3n con polvo, vibraci\u00f3n y ruido. Esta situaci\u00f3n ha sido alertada desde el 2016 y hasta el momento no han recibido ninguna respuesta por parte del Estado y la empresa minera.<\/p>\n<p><strong>El pronunciamiento tambi\u00e9n es enf\u00e1tico con la pol\u00edtica que viene impulsado el gobierno al decretar el Estado de Emergencia<\/strong>, seg\u00fan el frente de defensa, es una medida que vulnera sus derechos de libertad de expresi\u00f3n y reuni\u00f3n con el objetivo de bloquear las protestas y cuestionamientos que tienen las comunidades campesinas de Cotabambas.<\/p>\n<p style=\"text-align: center;\">El Estado de Emergencia: \u201cNo puede ser una estrategia de gesti\u00f3n de conflictos y de criminalizaci\u00f3n social. Adem\u00e1s, que esta medida no resuelve los problemas de fondo, por tanto se est\u00e1 haciendo un uso abusivo de \u00e9l, algo que no debe ser tolerable en una democracia\u201d, indica el pronunciamiento.<\/p>\n<p>Por \u00faltimo, las organizaciones sociales de Cotabambas invocan al Gobierno Central emprender herramientas de di\u00e1logo sin corrupci\u00f3n.<\/p>\n<h5><span style=\"color: #33cccc;\">A continuaci\u00f3n el pronunciamiento:<\/span><\/h5>\n<p><img fetchpriority=\"high\" decoding=\"async\" class=\"aligncenter  wp-image-4104\" src=\"http:\/\/derechosinfronteras.pe\/wp-content\/uploads\/2018\/09\/Pronunciamiento-Cota.jpg\" alt=\"\" width=\"599\" height=\"766\" \/><\/p>","protected":false},"excerpt":{"rendered":"<p>El Frente de Defensa de los Intereses de la Provincia de Cotabambas \u2013 Apur\u00edmac ha emitido un pronunciamiento refiri\u00e9ndose al actual Estado de Emergencia en el corredor minero del sur y los impactos en las comunidades campesinas de la zona. Las organizaciones sociales y gremios de Cotabambas vienen denunciando que este corredor minero ha implicado [&hellip;]<\/p>\n","protected":false},"author":1,"featured_media":4610,"comment_status":"open","ping_status":"open","sticky":false,"template":"","format":"standard","meta":{"_monsterinsights_skip_tracking":false,"_monsterinsights_sitenote_active":false,"_monsterinsights_sitenote_note":"","_monsterinsights_sitenote_category":0,"_jetpack_memberships_contains_paid_content":false,"footnotes":"","jetpack_publicize_message":"","jetpack_publicize_feature_enabled":true,"jetpack_social_post_already_shared":false,"jetpack_social_options":{"image_generator_settings":{"template":"highway","default_image_id":0,"font":"","enabled":false},"version":2}},"categories":[1],"tags":[],"class_list":["post-4609","post","type-post","status-publish","format-standard","has-post-thumbnail","hentry","category-sin-categoria"],"blocksy_meta":[],"jetpack_publicize_connections":[],"jetpack_featured_media_url":"https:\/\/derechosinfronteras.pe\/wp-content\/uploads\/2018\/09\/cotabambas.jpg","jetpack_sharing_enabled":true,"jetpack_likes_enabled":true,"_links":{"self":[{"href":"https:\/\/derechosinfronteras.pe\/ingles\/wp-json\/wp\/v2\/posts\/4609","targetHints":{"allow":["GET"]}}],"collection":[{"href":"https:\/\/derechosinfronteras.pe\/ingles\/wp-json\/wp\/v2\/posts"}],"about":[{"href":"https:\/\/derechosinfronteras.pe\/ingles\/wp-json\/wp\/v2\/types\/post"}],"author":[{"embeddable":true,"href":"https:\/\/derechosinfronteras.pe\/ingles\/wp-json\/wp\/v2\/users\/1"}],"replies":[{"embeddable":true,"href":"https:\/\/derechosinfronteras.pe\/ingles\/wp-json\/wp\/v2\/comments?post=4609"}],"version-history":[{"count":0,"href":"https:\/\/derechosinfronteras.pe\/ingles\/wp-json\/wp\/v2\/posts\/4609\/revisions"}],"wp:featuredmedia":[{"embeddable":true,"href":"https:\/\/derechosinfronteras.pe\/ingles\/wp-json\/wp\/v2\/media\/4610"}],"wp:attachment":[{"href":"https:\/\/derechosinfronteras.pe\/ingles\/wp-json\/wp\/v2\/media?parent=4609"}],"wp:term":[{"taxonomy":"category","embeddable":true,"href":"https:\/\/derechosinfronteras.pe\/ingles\/wp-json\/wp\/v2\/categories?post=4609"},{"taxonomy":"post_tag","embeddable":true,"href":"https:\/\/derechosinfronteras.pe\/ingles\/wp-json\/wp\/v2\/tags?post=4609"}],"curies":[{"name":"wp","href":"https:\/\/api.w.org\/{rel}","templated":true}]}}