{"id":4612,"date":"2018-09-06T19:42:07","date_gmt":"2018-09-07T00:42:07","guid":{"rendered":"http:\/\/derechosinfronteras.pe\/?p=4095"},"modified":"2018-09-06T19:42:07","modified_gmt":"2018-09-07T00:42:07","slug":"sobre-la-huelga-indefinida-de-velille-y-la-nueva-declaratoria-de-estado-de-emergencia-en-el-corredor-vial-minero","status":"publish","type":"post","link":"https:\/\/derechosinfronteras.pe\/ingles\/sobre-la-huelga-indefinida-de-velille-y-la-nueva-declaratoria-de-estado-de-emergencia-en-el-corredor-vial-minero\/","title":{"rendered":"Sobre la huelga indefinida de Velille y la nueva declaratoria de Estado de Emergencia en el corredor vial minero"},"content":{"rendered":"<blockquote>\n<p style=\"text-align: justify;\"><strong>Durante los \u00faltimos d\u00edas el denominado corredor vial minero ha vuelto a ser centro de movilizaciones, denuncia a dirigentes y declaratoria de Estado de Emergencia<\/strong>; una situaci\u00f3n que involucra fundamentalmente a la empresa MMG Las Bambas, a los procesos de di\u00e1logo, ruptura y ahora al s\u00e9ptimo d\u00eda de huelga indefinida en Velille (Chumbivilcas-Cusco), protesta en Yavi Yavi, y el anuncio de inicio de huelga en Capacmarca, se hace necesario entender que viene pasando en este espacio geoecon\u00f3mico.<\/p>\n<\/blockquote>\n<h3 style=\"text-align: justify;\"><strong>El corredor vial minero y los proyectos mineros <\/strong><\/h3>\n<p style=\"text-align: justify;\"><img fetchpriority=\"high\" decoding=\"async\" class=\"aligncenter wp-image-3546 \" src=\"http:\/\/derechosinfronteras.pe\/wp-content\/uploads\/2018\/02\/Accidente-300x225.jpg\" alt=\"\" width=\"503\" height=\"377\" \/>En el sur y en el denominado corredor vial se produjo en el 2017 el 52% (1,283,039 TMF) de la producci\u00f3n nacional de cobre por empresas transnacionales<a href=\"#_ftn1\" name=\"_ftnref1\"><sup>[1]<\/sup><\/a> -Cerro Verde (EEUU), MMG Las Bambas (China), Glencore (Suiza), Hudbay (Canada)- lo que se transform\u00f3 en ventas anuales promedio de m\u00e1s de 9 mil millones de soles anuales<a href=\"#_ftn2\" name=\"_ftnref2\"><sup>[2]<\/sup><\/a> (3,690,612 Antapaccay y 4,131,612 de Las Bambas en el 2016, y 1,189,823 de Hudbay en el 2015,) y otros miles de millones en ganancias.<\/p>\n<p style=\"text-align: justify;\">Esta producci\u00f3n y en especial la de concentrados de cobre de la transnacional China Las Bambas \u2013entre 400 a 600 unidades de transporte que trasladan concentrados, insumos y productos t\u00f3xicos &#8211; desde su centro de operaciones en Challhuahuacho hasta el puerto de Matarani (Arequipa) <strong>viene produciendo impactos ambientales y sociales permanentemente denunciados por la poblaciones locales<\/strong>, estas son: rajaduras de parte de las estructuras de las viviendas aleda\u00f1as a la carretera del transporte minero, afectaciones de los cultivos, pasturas y animales, disminuci\u00f3n de sus fuentes de agua por el uso para el riego insuficiente de la carretera, recurrente derrame de materiales o sustancias toxicas por la volcadura del transporte minero (desde el 2015 se han registrado un aproximado de 10 accidentes de veh\u00edculos mineros que han derramado concentrado de cobre, emulsi\u00f3n asf\u00e1ltica y combustibles<a href=\"#_ftn3\" name=\"_ftnref3\">[3]<\/a> que no han tenido mayor acci\u00f3n de fiscalizaci\u00f3n ambiental desde OEFA porque argumentan que no es su competencia), y otros. Adem\u00e1s, se suma a ello, por un lado, <strong>los incumplimientos de acuerdos con las comunidades y localidades aleda\u00f1as a la carretera<\/strong> que firm\u00f3 la anterior empresa minera due\u00f1a del proyecto Xstrata Tintaya y que MMG viene incumpliendo seg\u00fan los dirigentes y comuneros, y por el otro, la demanda de las poblaciones locales por el aporte al desarrollo de las localidades por parte de minera Las Bambas. Estas son las razones centrales en la demanda de Velille.<\/p>\n<p style=\"text-align: justify;\">Asimismo, las operaciones de MMG Las Bambas, Glencore y Hudbay tiene en proceso la evaluaci\u00f3n y revisi\u00f3n de modificatorias de sus estudios de impacto ambiental, a cargo del Servicio Nacional de Certificaci\u00f3n Ambiental para las Inversiones Sostenibles (SENACE), las mismas que contemplan cambios sustanciales de los diferentes componentes de las operaciones mineras y que no est\u00e1n siendo debidamente informadas a las poblaciones afectadas. Este es el caso de la tercera modificatoria de MMG Las Bambas.<\/p>\n<h3 style=\"text-align: justify;\"><strong>Estado de emergencia y criminalizaci\u00f3n de la protesta<\/strong><\/h3>\n<p style=\"text-align: justify;\"><img decoding=\"async\" class=\"aligncenter wp-image-2066\" src=\"http:\/\/derechosinfronteras.pe\/wp-content\/uploads\/2016\/11\/14996383_1307788589251676_529661730_n.jpg\" alt=\"\" width=\"502\" height=\"376\" \/><strong>Durante el presente a\u00f1o en el corredor minero por m\u00e1s de 8 meses (hasta junio) se hab\u00eda implantado el Estado de Emergencia \u201cpreventivo\u201d.<\/strong> Luego de casi 2 meses el gobierno ha decretado nuevamente en Estado de Emergencia el corredor vial que restringe los derechos a la inviolabilidad de domicilio, libertad de reuni\u00f3n y de tr\u00e1nsito, y ha dispuesto que m\u00e1s de 300 polic\u00edas y 100 miembros del ej\u00e9rcito resguarden esta v\u00eda, no obstante, las acciones de movilizaci\u00f3n se encuentran focalizadas en Velille y Yavi Yavi, por lo que esta medida es desproporcionada y abusiva, ya que no existe convulsi\u00f3n social en toda la carretera. Lo cierto es que se restringen varios derechos y hasta el momento se ha reportado el uso de la fuerza de manera violenta en el desalojo de las v\u00edas en la zona de Yavi Yavi y Velille.<\/p>\n<p style=\"text-align: justify;\">Adem\u00e1s, <strong>se viene criminalizando al representante del frente de defensa de Velille<\/strong>. En el caso del presidente del Frente de Defensa, German Enrique Salcedo, la empresa minera MMG Las Bambas a trav\u00e9s de la Fiscal\u00eda provincial de Chumbivilcas nuevamente han interpuesto una denuncia en v\u00edas de prevenci\u00f3n por los delitos \u201ccontra la vida, el cuerpo y la salud en la modalidad de homicidio simple, lesiones; contra la seguridad p\u00fablica en la modalidad de entorpecimiento al funcionamiento de los servicios p\u00fablicos y contra la paz p\u00fablica en la modalidad de disturbios\u201d. La misma figura se viene utilizando contra decenas de personas y\/o dirigentes de las provincias asentadas en el corredor minero, denuncias judiciales que en muchos casos llegan a la etapa de juicio oral donde son absueltos o archivados luego de 6 a 8 a\u00f1os de procesos judiciales injustos, como son los casos de Espinar y Chumbivilcas, en la mayor\u00eda de ellos la Fiscal\u00eda no logra comprobar el nivel de responsabilidad de las personas acusadas, ya que no existen pruebas de estas acusaciones.<\/p>\n<h3 style=\"text-align: justify;\"><strong>El di\u00e1logo para resolver los conflictos<\/strong><\/h3>\n<p style=\"text-align: justify;\"><em><strong>Desde Derechos Humanos Sin Fronteras (DHSF) reconocemos las demandas y preocupaciones de las comunidades que se encuentran al entorno del corredor vial minero y del impacto ambiental y social que vienen sufriendo, como es la situaci\u00f3n de Velille y Capacmarca,<\/strong><\/em> ya que en el caso de Las Bambas las modificaciones del Estudio de Impacto Ambiental (EIA) si fueron sustanciales y estas no fueron ni informadas ni consultadas a las comunidades afectadas a lo largo del corredor vial en su debido momento. Al respecto un \u00faltimo comunicado del SENACE en agosto de este a\u00f1o sobre las modificaciones del MEIA de Las Bambas se\u00f1ala que se deben identificar las comunidades y localidades por todo el tramo de transporte de los minerales y as\u00ed; evaluar y valorizar los impactos sociales que dicha actividad estar\u00eda generando. En efecto esta observaci\u00f3n es oportuna pero no queda claro si el MEIA va contemplar la modificaci\u00f3n del \u00e1rea de influencia del proyecto. Por ello solicitamos a SENACE que dicha identificaci\u00f3n de las comunidades y localidades impactadas se incorpore de manera efectiva en la aprobaci\u00f3n de la tercera modificatoria de MMG Las Bambas, aunque en un comunicado reciente la empresa ha se\u00f1alado que la actividad del transporte terrestre por v\u00edas p\u00fablicas no es una actividad minera prevista en la Ley General de Miner\u00eda, por tanto, no est\u00e1 obligado a considerar a Velille como \u00e1rea de influencia directa del proyecto. Esta respuesta lamentablemente solo atiza m\u00e1s el conflicto en la zona.<\/p>\n<blockquote>\n<p style=\"text-align: justify;\">En relaci\u00f3n a la nueva declaratoria del Estado de Emergencia y la criminalizaci\u00f3n de la protesta social de los lideres y dirigentes sociales creemos que no es la mejor estrategia de respuesta de parte del Gobierno Central, es clave restablecer los mecanismos del dialogo, donde el Estado a trav\u00e9s de sus entes competentes, debe sentarse las veces que sea necesario para escuchar las demandas de las poblaciones locales, en lugar de escuchar solamente la versi\u00f3n de las empresas mineras, si se insiste en este tipo de respuestas, a trav\u00e9s de medidas represivas lo \u00fanico que se alimenta es el malestar de las poblaciones locales, y no las causas del conflicto.<\/p>\n<\/blockquote>\n<p style=\"text-align: right;\"><span style=\"color: #008080;\"><strong>06 de setiembre del 2018.<\/strong><strong>\u00a0<\/strong><\/span><\/p>\n<p style=\"text-align: right;\"><span style=\"color: #008080;\"><strong>Derechos Humanos Sin Fronteras \u2013 Cusco.\u00a0<\/strong><\/span><\/p>\n<p><strong> \u00a0\u00a0<\/strong><\/p>\n<p><a href=\"#_ftnref1\" name=\"_ftn1\">[1]<\/a> Ministerio de Energ\u00eda y Minas. Anuario Minero Per\u00fa 2017. Consulta: 9 de julio del 2018 &lt;http:\/\/www.minem.gob.pe\/_publicac ion.php?idSector=1&amp;idPublicacion=573&gt;<\/p>\n<p><a href=\"#_ftnref2\" name=\"_ftn2\">[2]<\/a> Las Minas del Per\u00fa. Per\u00fa: Proyectos y prospectos 2017-2019. Per\u00fa Top Publicaciones 2017.<\/p>\n<p><a href=\"#_ftnref3\" name=\"_ftn3\">[3]<\/a> Tambi\u00e9n seg\u00fan datos del Servicio Nacional de Denuncias Ambientales-SINADA hasta agosto de este a\u00f1o se reportaron en Chumbivilcas 5 denuncias ambientales sobre ruido, material particulado, efluentes y residuos s\u00f3lidos.<\/p>\n","protected":false},"excerpt":{"rendered":"<p>Durante los \u00faltimos d\u00edas el denominado corredor vial minero ha vuelto a ser centro de movilizaciones, denuncia a dirigentes y declaratoria de Estado de Emergencia; una situaci\u00f3n que involucra fundamentalmente a la empresa MMG Las Bambas, a los procesos de di\u00e1logo, ruptura y ahora al s\u00e9ptimo d\u00eda de huelga indefinida en Velille (Chumbivilcas-Cusco), protesta en [&hellip;]<\/p>\n","protected":false},"author":1,"featured_media":4613,"comment_status":"open","ping_status":"open","sticky":false,"template":"","format":"standard","meta":{"_monsterinsights_skip_tracking":false,"_monsterinsights_sitenote_active":false,"_monsterinsights_sitenote_note":"","_monsterinsights_sitenote_category":0,"_jetpack_memberships_contains_paid_content":false,"footnotes":"","jetpack_publicize_message":"","jetpack_publicize_feature_enabled":true,"jetpack_social_post_already_shared":false,"jetpack_social_options":{"image_generator_settings":{"template":"highway","default_image_id":0,"font":"","enabled":false},"version":2}},"categories":[1],"tags":[],"class_list":["post-4612","post","type-post","status-publish","format-standard","has-post-thumbnail","hentry","category-sin-categoria"],"blocksy_meta":[],"jetpack_publicize_connections":[],"jetpack_featured_media_url":"https:\/\/derechosinfronteras.pe\/wp-content\/uploads\/2018\/01\/Articulo-de-Rapha-e1515688212890.jpeg","jetpack_sharing_enabled":true,"jetpack_likes_enabled":true,"_links":{"self":[{"href":"https:\/\/derechosinfronteras.pe\/ingles\/wp-json\/wp\/v2\/posts\/4612","targetHints":{"allow":["GET"]}}],"collection":[{"href":"https:\/\/derechosinfronteras.pe\/ingles\/wp-json\/wp\/v2\/posts"}],"about":[{"href":"https:\/\/derechosinfronteras.pe\/ingles\/wp-json\/wp\/v2\/types\/post"}],"author":[{"embeddable":true,"href":"https:\/\/derechosinfronteras.pe\/ingles\/wp-json\/wp\/v2\/users\/1"}],"replies":[{"embeddable":true,"href":"https:\/\/derechosinfronteras.pe\/ingles\/wp-json\/wp\/v2\/comments?post=4612"}],"version-history":[{"count":0,"href":"https:\/\/derechosinfronteras.pe\/ingles\/wp-json\/wp\/v2\/posts\/4612\/revisions"}],"wp:featuredmedia":[{"embeddable":true,"href":"https:\/\/derechosinfronteras.pe\/ingles\/wp-json\/wp\/v2\/media\/4613"}],"wp:attachment":[{"href":"https:\/\/derechosinfronteras.pe\/ingles\/wp-json\/wp\/v2\/media?parent=4612"}],"wp:term":[{"taxonomy":"category","embeddable":true,"href":"https:\/\/derechosinfronteras.pe\/ingles\/wp-json\/wp\/v2\/categories?post=4612"},{"taxonomy":"post_tag","embeddable":true,"href":"https:\/\/derechosinfronteras.pe\/ingles\/wp-json\/wp\/v2\/tags?post=4612"}],"curies":[{"name":"wp","href":"https:\/\/api.w.org\/{rel}","templated":true}]}}