{"id":4615,"date":"2018-09-05T18:47:05","date_gmt":"2018-09-05T23:47:05","guid":{"rendered":"http:\/\/derechosinfronteras.pe\/?p=4089"},"modified":"2018-09-05T18:47:05","modified_gmt":"2018-09-05T23:47:05","slug":"dirigentes-de-velille-reafirman-paro-indefinido-en-contra-de-mmg-las-bambas","status":"publish","type":"post","link":"https:\/\/derechosinfronteras.pe\/ingles\/dirigentes-de-velille-reafirman-paro-indefinido-en-contra-de-mmg-las-bambas\/","title":{"rendered":"Dirigentes de Velille reafirman paro indefinido en contra de MMG Las Bambas"},"content":{"rendered":"<p>05 de setiembre. Hoy, desde las 10 de la ma\u00f1ana, en las instalaciones de la Federaci\u00f3n Agraria Revolucionaria T\u00fapac Amaru de Cusco \u2013 FARTAC, los principales dirigentes del Frente de Defensa de los distritos chumbivilcanos de Velille y Capacmarca realizaron una conferencia de prensa para hacer de conocimiento p\u00fablico la actual situaci\u00f3n que viven frente a los impactos de la actividad minera en el corredor vial, la misma que se ha agravado desde la \u00faltima declaratoria del estado de emergencia a lo largo de m\u00e1s de 500 KM en corredor minero del sur andino.<\/p>\n<p>Como se recuerda, el distrito de Velille inici\u00f3 un paro indefinido el pasado 30 de agosto para exigir a la empresa MMG Las Bambas el reinicio del di\u00e1logo, sin embargo a seis d\u00edas de haber iniciado la medida de lucha, no han tenido ninguna respuesta de parte de la empresa ni del Estado.<\/p>\n<p>Germ\u00e1n Salcedo, presidente del Frente de Defensa de Velille, se\u00f1al\u00f3 que existen diferentes demandas que exigen a la empresa y al Estado: \u201cEstamos pidiendo la Modificatoria del Estudio de Impacto Ambiental para lograr que se declare zona influencia directa ambiental y social a nuestro distrito, puesto que hasta la fecha existen diferentes formas de contaminaci\u00f3n porque por nuestro distrito pasan alrededor de 700 veh\u00edculos al d\u00eda, ocasionando accidentes y derrame de sustancias t\u00f3xicas\u201d.<\/p>\n<p>De otro lado Salcedo ha se\u00f1alado que MMG Las Bambas lo ha denunciado de manera preventiva \u2018La empresa me acusa anticipadamente de cualquier incidente o acto de violencia que ocurra a ra\u00edz del paro, en lugar de solicitar di\u00e1logo con las comunidades, intenta criminalizar a los dirigentes\u2019. El dirigente afirm\u00f3 que la pr\u00f3xima semana realizaran una \u2018marcha de sacrificio\u2019 desde Velille hasta Cusco, para posteriormente hacer lo mismo hasta la capital.<\/p>\n<p>Finalmente, Wilfredo Castillo, Secretario de la Federaci\u00f3n distrital de campesinos de Velille, tambi\u00e9n exhort\u00f3 a que el gobierno, a trav\u00e9s de sus instituciones, pueda hacerse presente en la zona para atender las principales afectaciones de contaminaci\u00f3n, como las comunidades campesinas de Ccollana y Tuntuma, asimismo exigi\u00f3 la derogatoria del Estado de Emergencia.<\/p>\n<p>DATOS:<\/p>\n<p>*En la conferencia de prensa tambi\u00e9n particip\u00f3 el presidente de defensa de Capacmarca, ellos han se\u00f1alado que el pr\u00f3ximo 10 de setiembre se reunir\u00e1n en su distrito para ver que acciones tomar\u00edan, ya que sufren las mismas afectaciones que Velille.<\/p>\n<p>*SENACE en su informe de observaciones del Estudio de Impacto Ambiental de MMG Las Bmabas, del 30 de mayo de 2018, ya ha solicitado que se tenga en cuenta a las zonas afectadas por el uso de la carretera del corredor minero del sur: \u201cIdentifique las comunidades y localidades por todo el tramo donde se desarrolla la actividad de transporte tanto por las v\u00edas comunales y p\u00fablicas, adem\u00e1s identificar, evaluar y valorizar los impactos sociales que dicha actividad estar\u00edan generando y se generar\u00edan con estas ampliaciones y modificaciones\u201d.<\/p>\n<div class=\"fb-video\" data-allowfullscreen=\"true\" data-href=\"https:\/\/www.facebook.com\/derechossinfronteras.pe\/videos\/239936203362472\/\" style=\"background-color: #fff; display: inline-block;\"><\/div>","protected":false},"excerpt":{"rendered":"<p>05 de setiembre. Hoy, desde las 10 de la ma\u00f1ana, en las instalaciones de la Federaci\u00f3n Agraria Revolucionaria T\u00fapac Amaru de Cusco \u2013 FARTAC, los principales dirigentes del Frente de Defensa de los distritos chumbivilcanos de Velille y Capacmarca realizaron una conferencia de prensa para hacer de conocimiento p\u00fablico la actual situaci\u00f3n que viven frente [&hellip;]<\/p>\n","protected":false},"author":1,"featured_media":4616,"comment_status":"open","ping_status":"open","sticky":false,"template":"","format":"standard","meta":{"_monsterinsights_skip_tracking":false,"_monsterinsights_sitenote_active":false,"_monsterinsights_sitenote_note":"","_monsterinsights_sitenote_category":0,"_jetpack_memberships_contains_paid_content":false,"footnotes":"","jetpack_publicize_message":"","jetpack_publicize_feature_enabled":true,"jetpack_social_post_already_shared":false,"jetpack_social_options":{"image_generator_settings":{"template":"highway","default_image_id":0,"font":"","enabled":false},"version":2}},"categories":[1],"tags":[],"class_list":["post-4615","post","type-post","status-publish","format-standard","has-post-thumbnail","hentry","category-sin-categoria"],"blocksy_meta":[],"jetpack_publicize_connections":[],"jetpack_featured_media_url":"https:\/\/derechosinfronteras.pe\/wp-content\/uploads\/2018\/09\/Velille-e1536191155547.jpg","jetpack_sharing_enabled":true,"jetpack_likes_enabled":true,"_links":{"self":[{"href":"https:\/\/derechosinfronteras.pe\/ingles\/wp-json\/wp\/v2\/posts\/4615","targetHints":{"allow":["GET"]}}],"collection":[{"href":"https:\/\/derechosinfronteras.pe\/ingles\/wp-json\/wp\/v2\/posts"}],"about":[{"href":"https:\/\/derechosinfronteras.pe\/ingles\/wp-json\/wp\/v2\/types\/post"}],"author":[{"embeddable":true,"href":"https:\/\/derechosinfronteras.pe\/ingles\/wp-json\/wp\/v2\/users\/1"}],"replies":[{"embeddable":true,"href":"https:\/\/derechosinfronteras.pe\/ingles\/wp-json\/wp\/v2\/comments?post=4615"}],"version-history":[{"count":0,"href":"https:\/\/derechosinfronteras.pe\/ingles\/wp-json\/wp\/v2\/posts\/4615\/revisions"}],"wp:featuredmedia":[{"embeddable":true,"href":"https:\/\/derechosinfronteras.pe\/ingles\/wp-json\/wp\/v2\/media\/4616"}],"wp:attachment":[{"href":"https:\/\/derechosinfronteras.pe\/ingles\/wp-json\/wp\/v2\/media?parent=4615"}],"wp:term":[{"taxonomy":"category","embeddable":true,"href":"https:\/\/derechosinfronteras.pe\/ingles\/wp-json\/wp\/v2\/categories?post=4615"},{"taxonomy":"post_tag","embeddable":true,"href":"https:\/\/derechosinfronteras.pe\/ingles\/wp-json\/wp\/v2\/tags?post=4615"}],"curies":[{"name":"wp","href":"https:\/\/api.w.org\/{rel}","templated":true}]}}