{"id":4617,"date":"2018-08-30T18:01:46","date_gmt":"2018-08-30T23:01:46","guid":{"rendered":"http:\/\/derechosinfronteras.pe\/?p=4074"},"modified":"2018-08-30T18:01:46","modified_gmt":"2018-08-30T23:01:46","slug":"dia-internacional-de-los-desaparecidos","status":"publish","type":"post","link":"https:\/\/derechosinfronteras.pe\/ingles\/dia-internacional-de-los-desaparecidos\/","title":{"rendered":"D\u00eda Internacional de los Desaparecidos"},"content":{"rendered":"<p style=\"text-align: right;\"><strong>Por Carmen Rosa Cardoza &#8211; Publicado en NoticiasSer<\/strong><\/p>\n<p><span lang=\"ES\" xml:lang=\"ES\">Recordar cada a\u00f1o el\u00a0<strong>D\u00eda Internacional de los Desaparecidos<\/strong>, es sin duda muy duro para los familiares que siguen buscando a sus seres queridos, a pesar del tiempo transcurrido. Nos viene a la memoria como se origin\u00f3 el movimiento de familiares de personas desaparecidas que comienzan a organizarse ante tanta dificultad y peligro, debido a que muchos de los pa\u00edses donde se practic\u00f3 la desaparici\u00f3n forzada, estaba a\u00fan bajo dictaduras.<\/span><\/p>\n<p><span lang=\"ES\" xml:lang=\"ES\">Quiero dedicar de manera especial este articulo a Mama Ang\u00e9lica a un a\u00f1o de su partida, por ser el s\u00edmbolo de una mujer valiente, madre que busc\u00f3 a su hijo hasta el fin de sus d\u00edas, ella representa a todas las madres, esposas, hermanas que buscan a sus seres queridos infatigablemente, su memoria est\u00e1 presente en la lucha por verdad y justicia, las palabras de la cruz que llevaba.<\/span><\/p>\n<p><span lang=\"ES\" xml:lang=\"ES\">Este d\u00eda nos permite recordar que un 23 de enero de 1981 se funda la\u00a0<\/span><span lang=\"ES\" xml:lang=\"ES\">Federaci\u00f3n Latinoamericana de Asociaciones de Familiares de Detenidos Desaparecidos\u00a0\u2013 FEDEFAM.\u00a0A esta iniciativa de conmemorar el D\u00eda de los Desaparecidos que nace en Latinoam\u00e9rica, con el tiempo se van sumando las Asociaciones de Familiares de Desaparecidos de Asia, \u00c1frica y de Europa.\u00a0Han pasado\u00a0<strong>37 a\u00f1os.<\/strong><\/span><\/p>\n<p><span lang=\"ES\" xml:lang=\"ES\">Por eso es importante recordar los inicios de esta larga b\u00fasqueda y como se fueron organizando los familiares, no olvidar a los actores que impulsaron este movimiento, viene a mi memoria Patricio Rice, ex sacerdote irland\u00e9s que fue detenido y torturado y si no fuera por su Embajada, ser\u00eda uno m\u00e1s en la lista de los miles de personas desaparecidas en Argentina.<\/span><\/p>\n<p><span lang=\"ES\" xml:lang=\"ES\">FEDEFAM, impuls\u00f3 con el apoyo de expertos y organizaciones de derechos humanos en el mundo,\u00a0<\/span><span lang=\"ES\" xml:lang=\"ES\">la aprobaci\u00f3n de la Convenci\u00f3n Internacional para la Protecci\u00f3n de Todas las Personas contra la Desaparici\u00f3n Forzada de la ONU. (diciembre del 2006).<\/span><\/p>\n<p><span lang=\"ES\" xml:lang=\"ES\">El 21 de diciembre de 2010<\/span><span lang=\"ES\" xml:lang=\"ES\">, la Asamblea General de Naciones Unidas, declara el\u00a0<strong>30 de agosto<\/strong>\u00a0como el D\u00eda Internacional de los Desaparecidos.<\/span><\/p>\n<p><span lang=\"ES\" xml:lang=\"ES\">En pa\u00edses donde se ha sufrido la pr\u00e1ctica de la desaparici\u00f3n forzada la cifra de personas desaparecidas es incierta, debido a que se necesita de pol\u00edticas p\u00fablicas que trasciendan a las agendas de los gobiernos de turno, que permitan la investigaci\u00f3n antropol\u00f3gica forense para llegar a conocer el universo real de las v\u00edctimas o de misiones de Naciones Unidades, organizaciones humanitarias, entre otras.<\/span><\/p>\n<p><span lang=\"ES\" xml:lang=\"ES\">En la regi\u00f3n tenemos casos como el de Argentina que reportan hasta el momento m\u00e1s 13 mil personas desaparecidas; Guatemala m\u00e1s 45 mil, M\u00e9xico al menos 700 casos de desaparici\u00f3n forzada durante las d\u00e9cadas de los 70 y 80, en esta cifra no est\u00e1n considerados los estudiantes de Ayotzinapa y las recientes fosas de Guerrero y toda esa regi\u00f3n de Coahuila, convulsionada por el narcotr\u00e1fico y un Estado Federado inmanejable y aliado a narcotr\u00e1fico que desaparece a las personas que consideran enemigos del sistema.<\/span><\/p>\n<p><span lang=\"ES\" xml:lang=\"ES\">En otras partes del mundo, como Sri Lanka se estima 20 mil, Bosnia y Herzegovina hay m\u00e1s de 12 mil v\u00edctimas desaparecidas &#8211; el conflicto fratricida dejo m\u00e1s de 35 mil desaparecidos, el proceso de b\u00fasqueda ha logrado restituir miles de v\u00edctimas &#8211;\u00a0el caso de\u00a0Espa\u00f1a, con m\u00e1s de 80 a\u00f1os es un ejemplo de persistencia por parte de los familiares de buscar a sus seres queridos a pesar del tiempo transcurridos, se calcula m\u00e1s de 114,000 desaparecidos de la Guerra Civil (1936-1975). \u00a0<\/span><\/p>\n<p><span lang=\"ES\" xml:lang=\"ES\">En el Per\u00fa hay m\u00e1s de 15 mil personas desaparecidas,\u00a0<strong>hace 35 a\u00f1os\u00a0<\/strong>se fund\u00f3 la Asociaci\u00f3n Nacional de Familiares de Secuestrados, Detenidos y Desaparecidos del Per\u00fa &#8211; ANFASEP, a ra\u00edz de las primeras desapariciones forzadas, los familiares comenzaron una larga lucha por verdad y justicia. Actualmente hay organizaciones de familiares, agrupados por casos, regiones y a nivel nacional.<\/span><\/p>\n<p><span lang=\"ES\" xml:lang=\"ES\">En el 2002 el Equipo Peruano de Antropolog\u00eda Forense &#8211; EPAF realiz\u00f3 la primera investigaci\u00f3n antropol\u00f3gica forense en la b\u00fasqueda de personas desaparecidas en el caso Sillaccasa en el Distrito de Chuschi, para la Comisi\u00f3n de la Verdad y Reconciliaci\u00f3n \u2013 CVR, bajo un paraguas humanitario. Se logr\u00f3 recuperar a las 8 v\u00edctimas y se les restituyo a sus familias, han pasado\u00a0<strong>16 a\u00f1os<\/strong>\u00a0de esta experiencia.<\/span><\/p>\n<p><span lang=\"ES\" xml:lang=\"ES\">A 35 a\u00f1os de la formaci\u00f3n de ANFASEP, el Per\u00fa tiene un contexto favorable para la b\u00fasqueda de personas desaparecidas, en el 2016 antes de terminar su mandato el presidente Ollanta Humala promulgo el Decret\u00f3 Ley 30470 B\u00fasqueda de Personas Desaparecidas con enfoque humanitario. En el 2017 comienza a funcionar la Direcci\u00f3n de B\u00fasqueda de Personas Desaparecidas. \u00a0Este a\u00f1o -, 2018 &#8211; se espera la Ley de creaci\u00f3n del Banco Gen\u00e9tico.<\/span><\/p>\n<p>El pasado 28 se conmemor\u00f3 el\u00a0<strong>15 Aniversario de la entrega del Informe Final de la Comisi\u00f3n de la Verdad y Reconciliaci\u00f3n \u2013 CVR<\/strong>, coincidi\u00f3 con el primer Aniversario de la partida Ang\u00e9lica Mendoza Ascarza, m\u00e1s conocida como\u00a0<strong>Mam\u00e1 Ang\u00e9lica<\/strong>, a quien se le rindi\u00f3 un tributo. Este a\u00f1o en el \u201cOjo Que Llora\u201d la celebraci\u00f3n fue dedicada a las mujeres con el lema: \u201cCon las mujeres en nuestra memoria construimos historia\u201d.<\/p>\n<p><a href=\"https:\/\/www.facebook.com\/derechossinfronteras.pe\/videos\/1947571911929976\/\" target=\"_blank\" rel=\"noopener\">Te puede interesar: Actividades conmemorativas por el aniversario de la CVR en Cusco<\/a><\/p>\n<p><strong><span lang=\"ES\" xml:lang=\"ES\">Recomendaciones:<\/span><\/strong><\/p>\n<p><span lang=\"ES\" xml:lang=\"ES\">Para buscar a personas desaparecidas despu\u00e9s de varias d\u00e9cadas, se necesita de una eficiente investigaci\u00f3n antropol\u00f3gica forense multidisciplinaria que incluya procesos protocolizados, aplicando est\u00e1ndares internacionales y buenas practicas profesionales, para lograr la posible identificaci\u00f3n.<\/span><\/p>\n<p><span lang=\"ES\" xml:lang=\"ES\">En el Per\u00fa se necesita hacer campa\u00f1as urgentes de recolecci\u00f3n de datos antemortem de las v\u00edctimas, informaci\u00f3n que solo los familiares m\u00e1s cercanos pueden brindar, esta informaci\u00f3n es fundamental para la posible identificaci\u00f3n de las v\u00edctimas. La informaci\u00f3n antemortem es necesaria para comparar, tanto para una identificaci\u00f3n por m\u00e9todos tradicionales de la antropolog\u00eda forense o para el an\u00e1lisis de ADN.<\/span><\/p>\n<p><span lang=\"ES\" xml:lang=\"ES\">En relaci\u00f3n al Banco Gen\u00e9tico, preocupa que hayan modificado\u00a0<\/span>el Art. 1 del proyecto de Ley, en el sentido de violencia entre los a\u00f1os 1980-2000 por violencia terrorista; esto en concordancia con la\u00a0Ley\u00a0N\u00ba\u00a030470 Ley\u00a0de B\u00fasqueda de Personas Desaparecidas durante el periodo de violencia de 1980 al 2000.<\/p>\n<p>Se recomienda instalar una Mesa T\u00e9cnica multisectorial, de las Instituciones Estatales involucradas en la b\u00fasqueda de personas desaparecidas, con la sociedad civil, como las organizaciones de familiares de las v\u00edctimas, organizaciones de DDHH y expertos para apoyar el trabajo.<\/p>","protected":false},"excerpt":{"rendered":"<p>Por Carmen Rosa Cardoza &#8211; Publicado en NoticiasSer Recordar cada a\u00f1o el\u00a0D\u00eda Internacional de los Desaparecidos, es sin duda muy duro para los familiares que siguen buscando a sus seres queridos, a pesar del tiempo transcurrido. Nos viene a la memoria como se origin\u00f3 el movimiento de familiares de personas desaparecidas que comienzan a organizarse [&hellip;]<\/p>\n","protected":false},"author":1,"featured_media":4618,"comment_status":"open","ping_status":"open","sticky":false,"template":"","format":"standard","meta":{"_monsterinsights_skip_tracking":false,"_monsterinsights_sitenote_active":false,"_monsterinsights_sitenote_note":"","_monsterinsights_sitenote_category":0,"_jetpack_memberships_contains_paid_content":false,"footnotes":"","jetpack_publicize_message":"","jetpack_publicize_feature_enabled":true,"jetpack_social_post_already_shared":false,"jetpack_social_options":{"image_generator_settings":{"template":"highway","default_image_id":0,"font":"","enabled":false},"version":2}},"categories":[1],"tags":[],"class_list":["post-4617","post","type-post","status-publish","format-standard","has-post-thumbnail","hentry","category-sin-categoria"],"blocksy_meta":[],"jetpack_publicize_connections":[],"jetpack_featured_media_url":"https:\/\/derechosinfronteras.pe\/wp-content\/uploads\/2018\/08\/Desapariciones-Forzadas-copia-e1535670611414.jpg","jetpack_sharing_enabled":true,"jetpack_likes_enabled":true,"_links":{"self":[{"href":"https:\/\/derechosinfronteras.pe\/ingles\/wp-json\/wp\/v2\/posts\/4617","targetHints":{"allow":["GET"]}}],"collection":[{"href":"https:\/\/derechosinfronteras.pe\/ingles\/wp-json\/wp\/v2\/posts"}],"about":[{"href":"https:\/\/derechosinfronteras.pe\/ingles\/wp-json\/wp\/v2\/types\/post"}],"author":[{"embeddable":true,"href":"https:\/\/derechosinfronteras.pe\/ingles\/wp-json\/wp\/v2\/users\/1"}],"replies":[{"embeddable":true,"href":"https:\/\/derechosinfronteras.pe\/ingles\/wp-json\/wp\/v2\/comments?post=4617"}],"version-history":[{"count":0,"href":"https:\/\/derechosinfronteras.pe\/ingles\/wp-json\/wp\/v2\/posts\/4617\/revisions"}],"wp:featuredmedia":[{"embeddable":true,"href":"https:\/\/derechosinfronteras.pe\/ingles\/wp-json\/wp\/v2\/media\/4618"}],"wp:attachment":[{"href":"https:\/\/derechosinfronteras.pe\/ingles\/wp-json\/wp\/v2\/media?parent=4617"}],"wp:term":[{"taxonomy":"category","embeddable":true,"href":"https:\/\/derechosinfronteras.pe\/ingles\/wp-json\/wp\/v2\/categories?post=4617"},{"taxonomy":"post_tag","embeddable":true,"href":"https:\/\/derechosinfronteras.pe\/ingles\/wp-json\/wp\/v2\/tags?post=4617"}],"curies":[{"name":"wp","href":"https:\/\/api.w.org\/{rel}","templated":true}]}}