{"id":4619,"date":"2018-08-29T15:56:11","date_gmt":"2018-08-29T20:56:11","guid":{"rendered":"http:\/\/derechosinfronteras.pe\/?p=4062"},"modified":"2018-08-29T15:56:11","modified_gmt":"2018-08-29T20:56:11","slug":"distrito-de-velille-anuncio-inicio-de-huelga-indefinida-este-jueves-30-de-agosto","status":"publish","type":"post","link":"https:\/\/derechosinfronteras.pe\/ingles\/distrito-de-velille-anuncio-inicio-de-huelga-indefinida-este-jueves-30-de-agosto\/","title":{"rendered":"Chumbivilcas: Velille inicia hoy huelga indefinida para exigir di\u00e1logo a MMG Las Bambas"},"content":{"rendered":"<h4><strong>Buscan di\u00e1logo con la empresa minera Las Bambas<\/strong><\/h4>\n<p style=\"text-align: justify;\">Por decisi\u00f3n de la Asamblea Popular del distrito de Velille de la provincia de Chumbivilcas, se aprob\u00f3 iniciar una huelga indefinida este jueves 30 de agosto con el objetivo de constituir una mesa de di\u00e1logo con la empresa minera MMG Las Bambas.<\/p>\n<blockquote>\n<p style=\"text-align: justify;\">El \u00faltimo domingo 26 de agosto se llev\u00f3 la asamblea popular del distrito de\u00a0 Velille con dos puntos de agenda, informe sobre el abandono de di\u00e1logo con la minera Las Bambas e informe de gesti\u00f3n de la municipalidad distrital.<\/p>\n<\/blockquote>\n<p style=\"text-align: justify;\">Tal como indica el acta de la asamblea, <strong>por unanimidad se aprob\u00f3 impulsar la huelga indefinida y se conform\u00f3 un comit\u00e9 de lucha<\/strong> integrado por el Frente \u00danico de Defensa por los Intereses de Velille (FUDIV), la Federaci\u00f3n Distrital de Campesinos de Velille (FEDICAV), las rondas campesinas, los ocho presidentes comunales y urbanizaciones barriales.<\/p>\n<p style=\"text-align: justify;\">El presidente del FUDIV, Germ\u00e1n Salcedo indic\u00f3 que se ha ratificado la plataforma de lucha, el cual tiene los siguientes puntos:<\/p>\n<p style=\"text-align: justify;\">1.- Modificatoria del Estudio de Impacto Ambiental declarando de influencia directa Ambiental y Social al distrito.<\/p>\n<p style=\"text-align: justify;\">2.- Revisi\u00f3n y Evaluaci\u00f3n de los compromisos realizados al distrito y a las Comunidades Campesinas de Ccollana, Tuntuma y Urbanizaciones barriales.<\/p>\n<p style=\"text-align: justify;\">3.-Indemnizaciones y compensaciones de los da\u00f1os ocasionado por la empresa minera MMG Las Bambas.<\/p>\n<p style=\"text-align: justify;\">4.- Beneficios de acceso a la prestaci\u00f3n de Servicios y Bienes, as\u00ed como a puestos laborales que genera la empresa.<\/p>\n<p style=\"text-align: justify;\">5.- Firma de Convenio Marco.<\/p>\n<figure id=\"attachment_4065\" aria-describedby=\"caption-attachment-4065\" style=\"width: 720px\" class=\"wp-caption aligncenter\"><img fetchpriority=\"high\" decoding=\"async\" class=\"wp-image-4065 size-full\" src=\"http:\/\/derechosinfronteras.pe\/wp-content\/uploads\/2018\/08\/WhatsApp-Image-2018-08-29-at-3.39.51-PM.jpeg\" alt=\"\" width=\"720\" height=\"432\" \/><figcaption id=\"caption-attachment-4065\" class=\"wp-caption-text\">Asamblea Popular de Velille, que se realiz\u00f3 el 26 de agosto.<\/figcaption><\/figure>\n<p style=\"text-align: justify;\"><strong>Dato:<\/strong> El 26 de julio del 2018 el FUDIV emiti\u00f3 un pronunciamiento en donde indicaba que el distrito de Velille ven\u00eda entablando una mesa de di\u00e1logo con la empresa minera MMG Las Bambas para resolver los problemas ambientales y sociales que ocasiona el uso de la carretera como uso exclusivo de la empresa, sin embargo el di\u00e1logo ha sido abandonado por la Empresa minera MMG Las Bambas.<\/p>","protected":false},"excerpt":{"rendered":"<p>Buscan di\u00e1logo con la empresa minera Las Bambas Por decisi\u00f3n de la Asamblea Popular del distrito de Velille de la provincia de Chumbivilcas, se aprob\u00f3 iniciar una huelga indefinida este jueves 30 de agosto con el objetivo de constituir una mesa de di\u00e1logo con la empresa minera MMG Las Bambas. El \u00faltimo domingo 26 de [&hellip;]<\/p>\n","protected":false},"author":1,"featured_media":4620,"comment_status":"open","ping_status":"open","sticky":false,"template":"","format":"standard","meta":{"_monsterinsights_skip_tracking":false,"_monsterinsights_sitenote_active":false,"_monsterinsights_sitenote_note":"","_monsterinsights_sitenote_category":0,"_jetpack_memberships_contains_paid_content":false,"footnotes":"","jetpack_publicize_message":"","jetpack_publicize_feature_enabled":true,"jetpack_social_post_already_shared":false,"jetpack_social_options":{"image_generator_settings":{"template":"highway","default_image_id":0,"font":"","enabled":false},"version":2}},"categories":[1],"tags":[],"class_list":["post-4619","post","type-post","status-publish","format-standard","has-post-thumbnail","hentry","category-sin-categoria"],"blocksy_meta":[],"jetpack_publicize_connections":[],"jetpack_featured_media_url":"https:\/\/derechosinfronteras.pe\/wp-content\/uploads\/2018\/08\/Paro-Velille.jpg","jetpack_sharing_enabled":true,"jetpack_likes_enabled":true,"_links":{"self":[{"href":"https:\/\/derechosinfronteras.pe\/ingles\/wp-json\/wp\/v2\/posts\/4619","targetHints":{"allow":["GET"]}}],"collection":[{"href":"https:\/\/derechosinfronteras.pe\/ingles\/wp-json\/wp\/v2\/posts"}],"about":[{"href":"https:\/\/derechosinfronteras.pe\/ingles\/wp-json\/wp\/v2\/types\/post"}],"author":[{"embeddable":true,"href":"https:\/\/derechosinfronteras.pe\/ingles\/wp-json\/wp\/v2\/users\/1"}],"replies":[{"embeddable":true,"href":"https:\/\/derechosinfronteras.pe\/ingles\/wp-json\/wp\/v2\/comments?post=4619"}],"version-history":[{"count":0,"href":"https:\/\/derechosinfronteras.pe\/ingles\/wp-json\/wp\/v2\/posts\/4619\/revisions"}],"wp:featuredmedia":[{"embeddable":true,"href":"https:\/\/derechosinfronteras.pe\/ingles\/wp-json\/wp\/v2\/media\/4620"}],"wp:attachment":[{"href":"https:\/\/derechosinfronteras.pe\/ingles\/wp-json\/wp\/v2\/media?parent=4619"}],"wp:term":[{"taxonomy":"category","embeddable":true,"href":"https:\/\/derechosinfronteras.pe\/ingles\/wp-json\/wp\/v2\/categories?post=4619"},{"taxonomy":"post_tag","embeddable":true,"href":"https:\/\/derechosinfronteras.pe\/ingles\/wp-json\/wp\/v2\/tags?post=4619"}],"curies":[{"name":"wp","href":"https:\/\/api.w.org\/{rel}","templated":true}]}}