{"id":4622,"date":"2018-08-28T13:08:03","date_gmt":"2018-08-28T18:08:03","guid":{"rendered":"http:\/\/derechosinfronteras.pe\/?p=4058"},"modified":"2018-08-28T13:08:03","modified_gmt":"2018-08-28T18:08:03","slug":"larga-batalla-en-busqueda-de-justicia-caso-chumbivilcas","status":"publish","type":"post","link":"https:\/\/derechosinfronteras.pe\/ingles\/larga-batalla-en-busqueda-de-justicia-caso-chumbivilcas\/","title":{"rendered":"Larga batalla en b\u00fasqueda de justicia: Caso Chumbivilcas"},"content":{"rendered":"<p style=\"text-align: right;\"><strong>Por Gloria Cano &#8211; Aprodeh\u00a0<\/strong><\/p>\n<p>La guerra desatada por sendero luminoso lleg\u00f3 a\u00a0la zona altas del Cusco en 1988, en sus incursiones<br \/>\nllevaban consigo amenazas y muerte de las autoridades\u00a0y pobladores que se opon\u00edan a su control,<br \/>\njunto con la violencia senderista lleg\u00f3 a la zona el\u00a0accionar de las fuerzas armadas aplicando estrategias\u00a0de tortura y muerte que sumieron a la poblaci\u00f3n\u00a0civil en el terror.<\/p>\n<p>En abril de 1990 llega a la zona una patrulla militar\u00a0denominada \u201cRaya\u201d quien al mando del teniente\u00a0\u201cnegro\u201d ejecutan una misi\u00f3n de \u201cb\u00fasqueda\u201d, Huacullo,\u00a0Qui\u00f1ota, Casahui, Ranrrapata, Chumbivilcas,\u00a0entre otros poblados se encontraban en la ruta de\u00a0la patrulla, el resultado fue la muerte de 18 pobla- dores (6 hasta hoy desaparecidos, 10 ejecutados\u00a0extrajudicialmente, 2 muertos producto de la tor- tura) y el sometimiento a violencia sexual a varias\u00a0mujeres.<\/p>\n<p>Durante largos a\u00f1os estos cr\u00edmenes se mantuvie- ron en impunidad, sin embargo, la insistencia por<br \/>\njusticia tuvo por fin respuesta de los estamentos\u00a0judiciales. Se abri\u00f3 proceso penal el 7 de noviembre\u00a0de 2008, contra miembros de la base militar de An- tabamba, Jaime Pando Navarrete, Alan Olivari Medina,\u00a0al\u00edas teniente \u201cnegro\u201d, Felipe Monta\u00f1ez Ccama,\u00a0Mario Cruz Porcela, Orlando Falc\u00f3n Valdivia,\u00a0Beltr\u00e1n Tapia Carrasco, Jos\u00e9 P\u00e9rez Quispe, Alberto\u00a0Alviz Medina y Federico Cahuascanco Pucha, todos\u00a0eran miembros de la patrulla. Los dos \u00faltimos no\u00a0asistieron al juicio oral, por lo que existe una orden\u00a0de captura en su contra.<\/p>\n<p>La sentencia fue emitida el 28 de junio de 2017, en\u00a0ella se establece que los hechos se desarrollaron<br \/>\nen un contexto de conflicto armado interno, hecho\u00a0que no fue controvertido por ninguna de las partes,\u00a0as\u00ed mismo que habi\u00e9ndose declarado la zona\u00a0en Estado de emergencia se desplegaron por el departamento\u00a0de Apur\u00edmac diversas bases militares,\u00a0siendo una de ellas, la base militar de Antabamba\u00a0cuyo jefe en 1990 era el acusado Jaime Pando Navarrete,\u00a0esta base militar contaba con tres patrullas,\u00a0una de ellas era la denominada patrulla \u201craya\u201d, la\u00a0misma que estaba liderada por el acusado Alan Olivari\u00a0Medina con apelativo de \u201cnegro\u201d\u00b9.<\/p>\n<p>Se establece que la patrulla militar \u201cRaya\u201d sali\u00f3\u00a0el d\u00eda 15 de abril de su base en Antabamba llegando<br \/>\na Ccochapara en la localidad de Huacullo el d\u00eda\u00a020 de abril llevando consigo 2 detenidos, Quint\u00edn<br \/>\nSilva Rivas y una menor de aproximadamente 8\u00a0a\u00f1os, quienes fueron aprehendidos en el trayecto.<br \/>\nEn Huacullo, detienen a Antonio Huachaca y sus hijos\u00a0V\u00edctor y Francisco Huachaca G\u00f3mez, entre otras\u00a0personas y las recluyeron en la escuela 54294, lugar\u00a0donde los sometieron a tortura.<br \/>\nEn el proceso judicial ha quedado establecido el\u00a0proceder de la patrulla: detenciones arbitrarias, sometimiento\u00a0a tratos humillantes, tortura con golpes,\u00a0sumersi\u00f3n al r\u00edo, obligar a las personas a ingerir\u00a0alcohol y l\u00edquidos desconocidos, violencia sexual\u00a0(desnudos forzados y violaci\u00f3n sexual)\u00b2.<\/p>\n<figure id=\"attachment_2676\" aria-describedby=\"caption-attachment-2676\" style=\"width: 1024px\" class=\"wp-caption alignnone\"><img fetchpriority=\"high\" decoding=\"async\" class=\"wp-image-2676 size-large\" src=\"http:\/\/derechosinfronteras.pe\/wp-content\/uploads\/2017\/06\/19466489_1610030962401469_4467795117787411826_o-1024x768.jpg\" alt=\"\" width=\"1024\" height=\"768\" \/><figcaption id=\"caption-attachment-2676\" class=\"wp-caption-text\">Familiares de las v\u00edctimas acudieron hasta Lima para participar en la lectura de sentencia.<\/figcaption><\/figure>\n<p>La sentencia emitida por la Sala pena da por probada la desaparici\u00f3n forzada Quint\u00edn Alf\u00e9rez, Tel\u00e9sforo\u00a0Alf\u00e9rez Achinquipa, Gregorio Huisa, Damalcio\u00a0Charccahuana pobladores que fueran detenidos y\u00a0llevados por los diversos trayectos de la patrulla\u00a0pero que luego nunca m\u00e1s se supo de su paradero.\u00a0As\u00ed tambi\u00e9n, las lesiones seguidas de muerte\u00a0a V\u00edctor Huachaca y Balbino Huamani, el homicidio\u00a0calificado de Jes\u00fas Jauja Sullo, Julio Huamani\u00a0Huisa, Jos\u00e9 Huamani Charccahuana, Julio Apfata,\u00a0Eustaquio Apfata Salhua, Juan Huisa Paco, Zen\u00f3n\u00a0Huisa Paco, Marco Zacar\u00edas Huisa Llamoca, Gregorio Alf\u00e9rez Trive\u00f1o, y Marcos Torres Salhua, pobladores que fueron llevados al cerro Capuyuyo donde\u00a0fueron asesinados por miembros de la patrulla.\u00a0Sin embargo, a pesar de las pruebas, la sentencia\u00a0absuelve a los acusados por el delito de violaci\u00f3n\u00a0sexual, razonando, que la denuncia de violencia\u00a0sexual podr\u00eda estar te\u00f1ida por odio, resentimiento hacia los acusados, por haber desaparecido a su\u00a0conviviente y no poder identificar al responsable.<\/p>\n<p>As\u00ed tambi\u00e9n dieron por no probadas la desaparici\u00f3n forzada de M\u00e1ximo Huamanga Huachaca y Toribio Achinquipa Paco. Esta decisi\u00f3n que dejaba en\u00a0impunidad hechos tan graves, y fueron motivo de\u00a0impugnaci\u00f3n a fin de ser revisados por la sala suprema como lo veremos m\u00e1s adelante.<br \/>\nLa sentencia conden\u00f3 a penas privativas de libertad\u00a0a Alan Olivari Medina a la pena de 17 a\u00f1os, Mario\u00a0Cruz Porcelana, Beltr\u00e1n Tapia Carrasco y Jos\u00e9 San- tiago P\u00e9rez Quispe a la pena de 10 a\u00f1os y Felipe\u00a0Monta\u00f1ez Ccama a la pena de 8 a\u00f1os, por los delitos de desaparici\u00f3n forzada, lesiones seguidas de\u00a0muerte y por el homicidio calificado.<\/p>\n<p>De otro lado\u00a0la Sala penal conden\u00f3 a Jaime Pando Navarrete a la\u00a0pena privativa de libertad de 15 a\u00f1os por la desaparici\u00f3n forzada.\u00a0Como medida de reparaci\u00f3n la Sala Penal hizo uso\u00a0de los \u201cPrincipios y directrices b\u00e1sicos sobre el derecho de las v\u00edctimas de violaciones manifiestas<br \/>\nde las normas internacionales de derechos humanos a interponer recurso y obtener reparaciones\u201d<br \/>\naprobadas por las Naciones Unidas, ordenando\u00a0una reparaci\u00f3n integral a las v\u00edctimas que incluye<br \/>\npago de reparaci\u00f3n civil de car\u00e1cter monetaria,\u00a0atenci\u00f3n medica y psicol\u00f3gica y la realizaci\u00f3n de un<br \/>\nacto de disculpa p\u00fablica , aceptaci\u00f3n de responsabilidad\u00a0y homenaje a las v\u00edctimas.<\/p>\n<p>La Sala Penal permanente de la Corte Suprema,\u00a0emite el fallo definitivo el dos de mayo del presente<br \/>\na\u00f1o, por el cual se confirma las condenas de los\u00a0acusados, se\u00f1alando que efectivamente se trata de<br \/>\ndelitos de lesa humanidad, y realiza una evaluaci\u00f3n\u00a0de la prueba y acoge el recurso impugnatorio de<br \/>\nla fiscal\u00eda y de la parte civil en el sentido que la desaparici\u00f3n de M\u00e1ximo Huamanga Huachaca fue<br \/>\nprobado por diversas declaraciones entre ellas la\u00a0de su madre que dan cuenta que dicha persona fue<br \/>\ndetenido por miembros de la patrulla se lo llevaron\u00a0y nunca m\u00e1s se supo de \u00e9l.<\/p>\n<p>Con respecto a las violaciones sexuales sufridas\u00a0por dos pobladoras, la Sala Penal permanente<br \/>\nse\u00f1ala que no hay razones objetivas para dudar de\u00a0la fiabilidad del testimonio que se caracteriza por\u00a0su coherencia, \u201cdada la forma y circunstancias de\u00a0los hechos, no existe duda alguna que lo denuncia- do se enmarca en un patr\u00f3n de actos de violenciae intimidaci\u00f3n y de Muerte\u201d\u00b3.<\/p>\n<p>Sobre la responsabilidad penal de estas violaciones la Sala suprema\u00a0es contundente al se\u00f1alar \u2013\u201cellos y solo ellos, (refiri\u00e9ndose\u00a0a los integrantes de la patrulla \u201cRaya\u201d) actuaron\u00a0de consuno con competencias espec\u00edficas, reparti\u00e9ndose las tareas, incluso intercambi\u00e1ndolas\u00a0en determinados momentos y situaciones, de incursi\u00f3n\u00a0en los centros poblados, vigilancia armada,<br \/>\namedrentamiento generalizado, agresi\u00f3n a los\u00a0pobladores, disparos contra las v\u00edctimas y actos de<br \/>\nviolaci\u00f3n sexual, en su condici\u00f3n de coautores no es\u00a0posible excluirlos del hecho global perpetrado\u201d declarando\u00a0la nulidad de la absoluci\u00f3n con respecto a\u00a0este delito y proceder a un nuevo juicio oral.<br \/>\nEste fallo genera un valioso precedente con respecto\u00a0a la valoraci\u00f3n de las pruebas y la determinaci\u00f3n\u00a0de responsabilidades en actos de violencia contra\u00a0la mujer, en especial de la violaci\u00f3n sexual realizada\u00a0en contextos como el presente caso y muestra\u00a0los patrones criminales contra la dignidad humana\u00a0realizados por el ej\u00e9rcito en una zona controlada\u00a0por ellos en raz\u00f3n de la declaraci\u00f3n de Estado de\u00a0emergencia.<\/p>\n<p>La impunidad que se mantuvo durante m\u00e1s de\u00a025 a\u00f1os, fue herida de muerte, pero la lucha de<br \/>\nlas familias y organizaciones de derechos humanos\u00a0ha sido persistente y continuar\u00e1, a\u00fan falta<br \/>\nla sanci\u00f3n en los casos se\u00f1alados y la exigencia\u00a0de la b\u00fasqueda de los desaparecidos.<\/p>\n<hr \/>\n<h6>1 Sala Penal Nacional. Sentencia exp. 37-2008 p\u00e1rrafo 62.<br \/>\n2 \u00cddem p\u00e1rr. 104.<br \/>\n3 Sala Penal Permanente, Sentencia RN2184\/2017\/Nacional, 2 de mayo 2018.<\/h6>","protected":false},"excerpt":{"rendered":"<p>Por Gloria Cano &#8211; Aprodeh\u00a0 La guerra desatada por sendero luminoso lleg\u00f3 a\u00a0la zona altas del Cusco en 1988, en sus incursiones llevaban consigo amenazas y muerte de las autoridades\u00a0y pobladores que se opon\u00edan a su control, junto con la violencia senderista lleg\u00f3 a la zona el\u00a0accionar de las fuerzas armadas aplicando estrategias\u00a0de tortura y [&hellip;]<\/p>\n","protected":false},"author":1,"featured_media":4623,"comment_status":"open","ping_status":"open","sticky":false,"template":"","format":"standard","meta":{"_monsterinsights_skip_tracking":false,"_monsterinsights_sitenote_active":false,"_monsterinsights_sitenote_note":"","_monsterinsights_sitenote_category":0,"_jetpack_memberships_contains_paid_content":false,"footnotes":"","jetpack_publicize_message":"","jetpack_publicize_feature_enabled":true,"jetpack_social_post_already_shared":false,"jetpack_social_options":{"image_generator_settings":{"template":"highway","default_image_id":0,"font":"","enabled":false},"version":2}},"categories":[1],"tags":[],"class_list":["post-4622","post","type-post","status-publish","format-standard","has-post-thumbnail","hentry","category-sin-categoria"],"blocksy_meta":[],"jetpack_publicize_connections":[],"jetpack_featured_media_url":"https:\/\/derechosinfronteras.pe\/wp-content\/uploads\/2017\/06\/18893368_734418763404635_9198864913959879500_n.jpg","jetpack_sharing_enabled":true,"jetpack_likes_enabled":true,"_links":{"self":[{"href":"https:\/\/derechosinfronteras.pe\/ingles\/wp-json\/wp\/v2\/posts\/4622","targetHints":{"allow":["GET"]}}],"collection":[{"href":"https:\/\/derechosinfronteras.pe\/ingles\/wp-json\/wp\/v2\/posts"}],"about":[{"href":"https:\/\/derechosinfronteras.pe\/ingles\/wp-json\/wp\/v2\/types\/post"}],"author":[{"embeddable":true,"href":"https:\/\/derechosinfronteras.pe\/ingles\/wp-json\/wp\/v2\/users\/1"}],"replies":[{"embeddable":true,"href":"https:\/\/derechosinfronteras.pe\/ingles\/wp-json\/wp\/v2\/comments?post=4622"}],"version-history":[{"count":0,"href":"https:\/\/derechosinfronteras.pe\/ingles\/wp-json\/wp\/v2\/posts\/4622\/revisions"}],"wp:featuredmedia":[{"embeddable":true,"href":"https:\/\/derechosinfronteras.pe\/ingles\/wp-json\/wp\/v2\/media\/4623"}],"wp:attachment":[{"href":"https:\/\/derechosinfronteras.pe\/ingles\/wp-json\/wp\/v2\/media?parent=4622"}],"wp:term":[{"taxonomy":"category","embeddable":true,"href":"https:\/\/derechosinfronteras.pe\/ingles\/wp-json\/wp\/v2\/categories?post=4622"},{"taxonomy":"post_tag","embeddable":true,"href":"https:\/\/derechosinfronteras.pe\/ingles\/wp-json\/wp\/v2\/tags?post=4622"}],"curies":[{"name":"wp","href":"https:\/\/api.w.org\/{rel}","templated":true}]}}