{"id":4624,"date":"2018-08-27T18:20:23","date_gmt":"2018-08-27T23:20:23","guid":{"rendered":"http:\/\/derechosinfronteras.pe\/?p=4052"},"modified":"2018-08-27T18:20:23","modified_gmt":"2018-08-27T23:20:23","slug":"afectados-a-la-salud-por-metales-toxicos-de-espinar-se-reunen-para-hacer-aportes-a-propuesta-de-lineamientos-de-politica-publica-por-parte-de-minsa","status":"publish","type":"post","link":"https:\/\/derechosinfronteras.pe\/ingles\/afectados-a-la-salud-por-metales-toxicos-de-espinar-se-reunen-para-hacer-aportes-a-propuesta-de-lineamientos-de-politica-publica-por-parte-de-minsa\/","title":{"rendered":"Afectados a la salud por metales t\u00f3xicos de Espinar se re\u00fanen para hacer aportes a propuesta de lineamientos de pol\u00edtica p\u00fablica por parte de MINSA"},"content":{"rendered":"<p>Hace unas semanas atr\u00e1s, se public\u00f3 en el diario oficial El Peruano la R.M. N\u00b0 718-2018\/MINSA, un documento t\u00e9cnico que intenta aportar a la problem\u00e1tica de Salud P\u00fablica que vienen afrontando muchas zonas afectadas por contaminaci\u00f3n de metales, metaloides y otras sustancias qu\u00edmicas t\u00f3xicas. Recordemos que desde hace algunos a\u00f1os las poblaciones afectadas y expuestas a la intoxicaci\u00f3n vienen solicitando al Estado que atienda de una vez por todas sus demandas; los casos m\u00e1s emblem\u00e1ticos se encuentran en Cerro de Pasco, La Oroya, Hualgayoc, San Mateo, Espinar, entre otros.<\/p>\n<p>Uno de los problemas centrales es no haber asumido el tema de la contaminaci\u00f3n por metales pesados como un problema nacional de salud p\u00fablica, por lo que ahora se atiende sin un plan y una estrategia nacional, como ejemplo de estas limitaciones hasta ahora s\u00f3lo se cuenta con un protocolo de atenci\u00f3n para plomo y 04 gu\u00edas de diagn\u00f3stico cl\u00ednico para asociar enfermedades a intoxicaci\u00f3n por Ars\u00e9nico, Cadmio, Mercurio y Plomo, sin embargo esto no ha sido suficiente y no existe una coordinaci\u00f3n interna en el mismo MINSA y DIRESA y mucho menos a nivel intersectorial, y el tema de la asignaci\u00f3n de presupuesto para los afectados es otro problema que el Estado no ha querido discutir.<\/p>\n<p>En ese marco la Plataforma Nacional de Afectados por metales, metaloides y otras sustancias qu\u00edmicas t\u00f3xicas ha venido impulsando espacios donde los propios afectados puedan incorporar sus demandas, puedan alzar su voz. Por ello el pasado 23 de agosto en una reuni\u00f3n con algunos l\u00edderes\/as, dirigentes, presidentes comunales y afectados\/as a la salud, con el acompa\u00f1amiento de Derechos Humanos Sin Fronteras y CooperAcci\u00f3n, como parte de la Mesa T\u00e9cnica de Salud Ambiental y Humana, se ha incorporado aportes al documento de Lineamientos de la Pol\u00edtica Sectorial.<\/p>\n<p>El pedido de los afectados\/as de Espinar es claro, ellos piden que en los lineamientos de pol\u00edticas p\u00fablicas est\u00e9n las medidas de prevenci\u00f3n, as\u00ed como la atenci\u00f3n especializada con profesionales id\u00f3neos que los atiendan en su idioma y que no se burlen de sus males durante las consultas, as\u00ed mismo que se tome en cuenta la reducci\u00f3n del riesgo de exposici\u00f3n, establecer claramente los plazos y sanciones para el cumplimiento de los lineamientos y finalmente asumir como en emergencia sanitaria y ambiental a todas las zonas identificadas como vulnerables.<\/p>\n<p>As\u00ed mismo los afectados\/as a la salud en Espinar recalcaron la necesidad de implementar inmediatamente la atenci\u00f3n a las personas afectadas en salud ya que han pasado 8 a\u00f1os desde el primer dosaje realizado en la provincia de Espinar, y solo se han desarrollado \u201ccampa\u00f1as de salud general\u201d y no un abordaje sanitario pero tambi\u00e9n ambiental. En ese sentido el \u00faltimo dosaje realizado en diciembre del 2017 ha sido m\u00e1s de lo mismo: \u201cSe han tardado m\u00e1s de 6 meses en entregarnos los resultados, para que luego nos digan que aqu\u00ed no hay especialistas que quiz\u00e1s nos pueden atender en Cusco o Lima, pero no nos dicen ni c\u00f3mo ni cu\u00e1ndo nos van a transferir a esas ciudades\u201d, manifest\u00f3 un poblador afectado de la comunidad de Bajo Huancan\u00e9, que con sus resultados en mano dejaba el Centro de Salud de Yauri \u2013 Espinar.<\/p>","protected":false},"excerpt":{"rendered":"<p>Hace unas semanas atr\u00e1s, se public\u00f3 en el diario oficial El Peruano la R.M. N\u00b0 718-2018\/MINSA, un documento t\u00e9cnico que intenta aportar a la problem\u00e1tica de Salud P\u00fablica que vienen afrontando muchas zonas afectadas por contaminaci\u00f3n de metales, metaloides y otras sustancias qu\u00edmicas t\u00f3xicas. Recordemos que desde hace algunos a\u00f1os las poblaciones afectadas y expuestas [&hellip;]<\/p>\n","protected":false},"author":1,"featured_media":4625,"comment_status":"open","ping_status":"open","sticky":false,"template":"","format":"standard","meta":{"_monsterinsights_skip_tracking":false,"_monsterinsights_sitenote_active":false,"_monsterinsights_sitenote_note":"","_monsterinsights_sitenote_category":0,"_jetpack_memberships_contains_paid_content":false,"footnotes":"","jetpack_publicize_message":"","jetpack_publicize_feature_enabled":true,"jetpack_social_post_already_shared":false,"jetpack_social_options":{"image_generator_settings":{"template":"highway","default_image_id":0,"font":"","enabled":false},"version":2}},"categories":[1],"tags":[],"class_list":["post-4624","post","type-post","status-publish","format-standard","has-post-thumbnail","hentry","category-sin-categoria"],"blocksy_meta":[],"jetpack_publicize_connections":[],"jetpack_featured_media_url":"https:\/\/derechosinfronteras.pe\/wp-content\/uploads\/2018\/08\/espina-taller-e1535412759683.jpg","jetpack_sharing_enabled":true,"jetpack_likes_enabled":true,"_links":{"self":[{"href":"https:\/\/derechosinfronteras.pe\/ingles\/wp-json\/wp\/v2\/posts\/4624","targetHints":{"allow":["GET"]}}],"collection":[{"href":"https:\/\/derechosinfronteras.pe\/ingles\/wp-json\/wp\/v2\/posts"}],"about":[{"href":"https:\/\/derechosinfronteras.pe\/ingles\/wp-json\/wp\/v2\/types\/post"}],"author":[{"embeddable":true,"href":"https:\/\/derechosinfronteras.pe\/ingles\/wp-json\/wp\/v2\/users\/1"}],"replies":[{"embeddable":true,"href":"https:\/\/derechosinfronteras.pe\/ingles\/wp-json\/wp\/v2\/comments?post=4624"}],"version-history":[{"count":0,"href":"https:\/\/derechosinfronteras.pe\/ingles\/wp-json\/wp\/v2\/posts\/4624\/revisions"}],"wp:featuredmedia":[{"embeddable":true,"href":"https:\/\/derechosinfronteras.pe\/ingles\/wp-json\/wp\/v2\/media\/4625"}],"wp:attachment":[{"href":"https:\/\/derechosinfronteras.pe\/ingles\/wp-json\/wp\/v2\/media?parent=4624"}],"wp:term":[{"taxonomy":"category","embeddable":true,"href":"https:\/\/derechosinfronteras.pe\/ingles\/wp-json\/wp\/v2\/categories?post=4624"},{"taxonomy":"post_tag","embeddable":true,"href":"https:\/\/derechosinfronteras.pe\/ingles\/wp-json\/wp\/v2\/tags?post=4624"}],"curies":[{"name":"wp","href":"https:\/\/api.w.org\/{rel}","templated":true}]}}