{"id":4626,"date":"2018-08-24T15:04:32","date_gmt":"2018-08-24T20:04:32","guid":{"rendered":"http:\/\/derechosinfronteras.pe\/?p=4043"},"modified":"2018-08-24T15:04:32","modified_gmt":"2018-08-24T20:04:32","slug":"para-el-tc-no-son-inconstitucionales-los-estados-de-emergencia-en-el-corredor-minero-del-sur","status":"publish","type":"post","link":"https:\/\/derechosinfronteras.pe\/ingles\/para-el-tc-no-son-inconstitucionales-los-estados-de-emergencia-en-el-corredor-minero-del-sur\/","title":{"rendered":"Para el TC los Estados de Emergencia  en el corredor minero del sur NO tienen trascendencia constitucional"},"content":{"rendered":"<p style=\"text-align: right;\">Ramiro Llatas &#8211; \u00c1rea legal y Pdte. DHSF<\/p>\n<p>Para el Tribunal Constitucional vulnerar derechos constitucionales de aproximadamente cincuenta mil personas, no tiene \u201ctrascendencia constitucional\u201d. Recordemos que el Gobierno Emiti\u00f3 el Decreto Supremo 037-2018-PCM, en abril del 2018, declarando el Estado de Emergencia, en el Corredor Vial Apur\u00edmac \u2013 Cusco \u2013 Arequipa, para garantizar, que la empresa minera MMG Las Bambas, transporte sus minerales, restringi\u00e9ndose los derechos constitucionales a la seguridad y libertad personal (cualquiera pod\u00eda ser detenido), a la reuni\u00f3n y a la inviolabilidad de domicilio.<\/p>\n<p>Diversas organizaciones sociales de las regiones del Cusco y de Apur\u00edmac, con el asesoramiento del colectivo de Derechos Humanos, presentamos una acci\u00f3n de amparo, en contra de la declaratoria del Estado de Emergencia, para que se deje sin efecto dicha medida y para que el Tribunal fije criterios de cuando dar esas medidas, en el futuro, y que no se usen por el gobierno en modo arbitrario y sobre todo, para criminalizar a los dirigentes sociales, cunado tienen voces discrepantes con la actividad minera.<\/p>\n<p>El Tribunal Constitucional, da un espaldarazo, a los justos reclamos de la poblaci\u00f3n, que piden que sus derechos constitucionales sean respetados. No es una medida justa, porque, se acent\u00faa, el hecho de que las poblaciones del interior del pa\u00eds, no sean escuchadas. Si bien es cierto no se prorrog\u00f3 el estado de emergencia, se necesitaba, un pronunciamiento del Tribunal Constitucional, para que en el futuro esta medida excepcional, no sea usada como una forma para acallar los justos reclamos de la poblaci\u00f3n de beneficiarse o de discrepar con las propuesta de desarrollo actuales.<\/p>\n<p style=\"margin: 12px auto 6px auto; font-family: Helvetica,Arial,Sans-serif; font-style: normal; font-variant: normal; font-weight: normal; font-size: 14px; line-height: normal; font-size-adjust: none; font-stretch: normal; -x-system-font: none; display: block;\"><a style=\"text-decoration: underline;\" title=\"View Sentencia TC - Estados de Emergencia on Scribd\" href=\"https:\/\/www.scribd.com\/document\/386982811\/Sentencia-TC-Estados-de-Emergencia#from_embed\" target=\"_blank\" rel=\"noopener\">Sentencia TC &#8211; Estados de Emergencia<\/a> by <a style=\"text-decoration: underline;\" title=\"View Derechos Humanos Cusco&#039;s profile on Scribd\" href=\"https:\/\/www.scribd.com\/user\/319042434\/Derechos-Humanos-Cusco#from_embed\" target=\"_blank\" rel=\"noopener\">Derechos Humanos Cusco<\/a> on Scribd<\/p>\n<p><iframe id=\"doc_36863\" class=\"scribd_iframe_embed\" title=\"Sentencia TC - Estados de Emergencia\" src=\"https:\/\/www.scribd.com\/embeds\/386982811\/content?start_page=1&amp;view_mode=scroll&amp;access_key=key-E9nU8O3ViquPzm3WmWa9&amp;show_recommendations=true\" width=\"100%\" height=\"600\" frameborder=\"0\" scrolling=\"no\" data-auto-height=\"false\" data-aspect-ratio=\"0.7068965517241379\"><\/iframe><\/p>","protected":false},"excerpt":{"rendered":"<p>Ramiro Llatas &#8211; \u00c1rea legal y Pdte. DHSF Para el Tribunal Constitucional vulnerar derechos constitucionales de aproximadamente cincuenta mil personas, no tiene \u201ctrascendencia constitucional\u201d. Recordemos que el Gobierno Emiti\u00f3 el Decreto Supremo 037-2018-PCM, en abril del 2018, declarando el Estado de Emergencia, en el Corredor Vial Apur\u00edmac \u2013 Cusco \u2013 Arequipa, para garantizar, que la [&hellip;]<\/p>\n","protected":false},"author":1,"featured_media":0,"comment_status":"open","ping_status":"open","sticky":false,"template":"","format":"standard","meta":{"_monsterinsights_skip_tracking":false,"_monsterinsights_sitenote_active":false,"_monsterinsights_sitenote_note":"","_monsterinsights_sitenote_category":0,"_jetpack_memberships_contains_paid_content":false,"footnotes":"","jetpack_publicize_message":"","jetpack_publicize_feature_enabled":true,"jetpack_social_post_already_shared":false,"jetpack_social_options":{"image_generator_settings":{"template":"highway","default_image_id":0,"font":"","enabled":false},"version":2}},"categories":[1],"tags":[],"class_list":["post-4626","post","type-post","status-publish","format-standard","hentry","category-sin-categoria"],"blocksy_meta":[],"jetpack_publicize_connections":[],"jetpack_featured_media_url":"","jetpack_sharing_enabled":true,"jetpack_likes_enabled":true,"_links":{"self":[{"href":"https:\/\/derechosinfronteras.pe\/ingles\/wp-json\/wp\/v2\/posts\/4626","targetHints":{"allow":["GET"]}}],"collection":[{"href":"https:\/\/derechosinfronteras.pe\/ingles\/wp-json\/wp\/v2\/posts"}],"about":[{"href":"https:\/\/derechosinfronteras.pe\/ingles\/wp-json\/wp\/v2\/types\/post"}],"author":[{"embeddable":true,"href":"https:\/\/derechosinfronteras.pe\/ingles\/wp-json\/wp\/v2\/users\/1"}],"replies":[{"embeddable":true,"href":"https:\/\/derechosinfronteras.pe\/ingles\/wp-json\/wp\/v2\/comments?post=4626"}],"version-history":[{"count":0,"href":"https:\/\/derechosinfronteras.pe\/ingles\/wp-json\/wp\/v2\/posts\/4626\/revisions"}],"wp:attachment":[{"href":"https:\/\/derechosinfronteras.pe\/ingles\/wp-json\/wp\/v2\/media?parent=4626"}],"wp:term":[{"taxonomy":"category","embeddable":true,"href":"https:\/\/derechosinfronteras.pe\/ingles\/wp-json\/wp\/v2\/categories?post=4626"},{"taxonomy":"post_tag","embeddable":true,"href":"https:\/\/derechosinfronteras.pe\/ingles\/wp-json\/wp\/v2\/tags?post=4626"}],"curies":[{"name":"wp","href":"https:\/\/api.w.org\/{rel}","templated":true}]}}