{"id":4627,"date":"2018-08-23T10:16:41","date_gmt":"2018-08-23T15:16:41","guid":{"rendered":"http:\/\/derechosinfronteras.pe\/?p=4036"},"modified":"2018-08-23T10:16:41","modified_gmt":"2018-08-23T15:16:41","slug":"espinar-principales-acuerdos-de-la-asamblea-popular","status":"publish","type":"post","link":"https:\/\/derechosinfronteras.pe\/ingles\/espinar-principales-acuerdos-de-la-asamblea-popular\/","title":{"rendered":"Espinar: Principales acuerdos de la asamblea popular"},"content":{"rendered":"<p>El \u00faltimo 21 de agosto, desde aproximadamente las diez de la ma\u00f1ana, se desarroll\u00f3 la Asamblea Popular convocada por el Frente \u00danico de Defensa de los Intereses de Espinar (FUDIE), presidido por Hilario\u00a0Ccamerccoa. La asamblea, que se extendi\u00f3 hasta las seis de la tarde, tuvo muchos temas en debate, los principales acuerdos son:<\/p>\n<ul>\n<li>El alcalde provincial participar\u00e1 a partir de la fecha, como titular en las reuniones del Convenio Marco.<\/li>\n<li>Los funcionarios como gerentes, Sub gerentes, residentes, supervisores, elaborar\u00e1n un informe memoria al FUDIE hasta el 31 de agosto para su evaluaci\u00f3n.<\/li>\n<li>La provincia de Espinar, por acuerdo de asamblea popular, solicita y exige el cambio inmediato del comandante de la PNP, jueces y fiscales por existir nepotismo y tr\u00e1fico de influencias en contra de ciudadanos y comunidades campesinas.<\/li>\n<li>Las organizaciones y autoridades exigir\u00e1n al puesto de salud de Tintaya Marquiri los resultados del dosaje de sangre, realizado el 2017 a los comuneros del entorno de la empresa minera Antapaccay.<\/li>\n<li>Se exigir\u00e1 el levantamiento de las observaciones presentadas por las comunidades campesinas, instituciones, por las instancias de <strong>SENACE<\/strong> e incluirlas como propuesta, modificaci\u00f3n e inclusi\u00f3n al <strong>MEIA<\/strong>.<\/li>\n<li>La Provincia de Espinar <strong>NO AUTORIZA<\/strong>. la licencia social para el inicio del Proyecto Antapaccay, Expansi\u00f3n Tintaya integraci\u00f3n Ccorocohuayco, mientras no se lleve a cabo la consulta previa.<\/li>\n<li>La municipalidad provincial asumir\u00e1 defensa legal presentando la \u00abAcci\u00f3n de amparo ambiental\u00bb para el levantamiento de observaciones presentado ante SENACE.<\/li>\n<li>Las provincias integrantes del corredor minero, asumir\u00e1n de manera unida la defensa contra los abusos e impactos que ocasionan las empresas mineras <strong>HudBay, Las Bambas y Antapaccay.<\/strong><\/li>\n<\/ul>\n<p>Un hecho importante durante el desarrollo de la asamblea, fue la presencia de comuneras y comuneros de<strong> Oquebamba<\/strong>, quienes llegaron hasta la Plaza de Armas de Yauri, para denunciar que su comunidad hab\u00eda sido tomada, en una extensi\u00f3n de m\u00e1s de 300 hect\u00e1reas, por cerca de 200 polic\u00edas por orden judicial. Seg\u00fan detallaron, los polic\u00edas quieren posicionar a en sus territorios a una familia usurpadora.<\/p>\n<p>Los manifestantes dejaron abierta la posibilidad de que la empresa minera sea quien verdaderamente quieran sus tierras para empezar sus exploraciones, puesto que la comunidad les ha negado licencia social en reiteradas oportunidades. Estaremos atentos a esta situaci\u00f3n para seguir informando.<\/p>","protected":false},"excerpt":{"rendered":"<p>El \u00faltimo 21 de agosto, desde aproximadamente las diez de la ma\u00f1ana, se desarroll\u00f3 la Asamblea Popular convocada por el Frente \u00danico de Defensa de los Intereses de Espinar (FUDIE), presidido por Hilario\u00a0Ccamerccoa. La asamblea, que se extendi\u00f3 hasta las seis de la tarde, tuvo muchos temas en debate, los principales acuerdos son: El alcalde [&hellip;]<\/p>\n","protected":false},"author":1,"featured_media":4628,"comment_status":"open","ping_status":"open","sticky":false,"template":"","format":"standard","meta":{"_monsterinsights_skip_tracking":false,"_monsterinsights_sitenote_active":false,"_monsterinsights_sitenote_note":"","_monsterinsights_sitenote_category":0,"_jetpack_memberships_contains_paid_content":false,"footnotes":"","jetpack_publicize_message":"","jetpack_publicize_feature_enabled":true,"jetpack_social_post_already_shared":false,"jetpack_social_options":{"image_generator_settings":{"template":"highway","default_image_id":0,"font":"","enabled":false},"version":2}},"categories":[1],"tags":[],"class_list":["post-4627","post","type-post","status-publish","format-standard","has-post-thumbnail","hentry","category-sin-categoria"],"blocksy_meta":[],"jetpack_publicize_connections":[],"jetpack_featured_media_url":"https:\/\/derechosinfronteras.pe\/wp-content\/uploads\/2018\/08\/asamablea.jpg","jetpack_sharing_enabled":true,"jetpack_likes_enabled":true,"_links":{"self":[{"href":"https:\/\/derechosinfronteras.pe\/ingles\/wp-json\/wp\/v2\/posts\/4627","targetHints":{"allow":["GET"]}}],"collection":[{"href":"https:\/\/derechosinfronteras.pe\/ingles\/wp-json\/wp\/v2\/posts"}],"about":[{"href":"https:\/\/derechosinfronteras.pe\/ingles\/wp-json\/wp\/v2\/types\/post"}],"author":[{"embeddable":true,"href":"https:\/\/derechosinfronteras.pe\/ingles\/wp-json\/wp\/v2\/users\/1"}],"replies":[{"embeddable":true,"href":"https:\/\/derechosinfronteras.pe\/ingles\/wp-json\/wp\/v2\/comments?post=4627"}],"version-history":[{"count":0,"href":"https:\/\/derechosinfronteras.pe\/ingles\/wp-json\/wp\/v2\/posts\/4627\/revisions"}],"wp:featuredmedia":[{"embeddable":true,"href":"https:\/\/derechosinfronteras.pe\/ingles\/wp-json\/wp\/v2\/media\/4628"}],"wp:attachment":[{"href":"https:\/\/derechosinfronteras.pe\/ingles\/wp-json\/wp\/v2\/media?parent=4627"}],"wp:term":[{"taxonomy":"category","embeddable":true,"href":"https:\/\/derechosinfronteras.pe\/ingles\/wp-json\/wp\/v2\/categories?post=4627"},{"taxonomy":"post_tag","embeddable":true,"href":"https:\/\/derechosinfronteras.pe\/ingles\/wp-json\/wp\/v2\/tags?post=4627"}],"curies":[{"name":"wp","href":"https:\/\/api.w.org\/{rel}","templated":true}]}}