{"id":4631,"date":"2018-08-20T13:30:19","date_gmt":"2018-08-20T18:30:19","guid":{"rendered":"http:\/\/derechosinfronteras.pe\/?p=4029"},"modified":"2018-08-20T13:30:19","modified_gmt":"2018-08-20T18:30:19","slug":"espinar-accidente-en-empresa-minera-antapaccay-causa-la-muerte-de-un-trabajador","status":"publish","type":"post","link":"https:\/\/derechosinfronteras.pe\/ingles\/espinar-accidente-en-empresa-minera-antapaccay-causa-la-muerte-de-un-trabajador\/","title":{"rendered":"Espinar: Accidente en empresa minera Antapaccay causa la muerte de un trabajador"},"content":{"rendered":"<p>El \u00faltimo 17 de agosto, ocurri\u00f3 un <strong>accidente laboral en la empresa minera Antapaccay, <\/strong>ubicada en la provincia cusque\u00f1a de Espinar. Dos trabajadores cayeron de una altura aproximada de 9 metros, mientras realizaban sus operaciones cotidianas. Uno de los t\u00e9cnicos del \u00e1rea de mantenimiento, <strong>Roberto Valera Chanduca<\/strong> falleci\u00f3 instant\u00e1neamente, mientras que el segundo trabajador, Fredy Quispe Corahua, fue trasladado a una cl\u00ednica de Arequipa.\u00a0<strong>Quispe cay\u00f3 de espaldas. <\/strong>u situaci\u00f3n es grave, pues tiene afectada la columna y las piernas.<\/p>\n<p><strong>El Sindicato de trabajadores funcionarios de la compa\u00f1\u00eda minera Antapaccay \u2013 SITRAMINA<\/strong>, emitieron un pronunciamiento en el que se\u00f1alan un obvio cuestionamiento a la empresa: &#8216;constantemente viene ocurriendo accidentes de trabajo como el choque de camiones gigantes, volcadura de camionetas, accidentes de trabajo y ahora un accidente fatal\u2019. El comunicado del gremio concluye exigiendo a la empresa realizar <strong>\u2018una investigaci\u00f3n neutral\u2019<\/strong>, pues, en los \u00faltimos accidentes e incidentes han culpado siempre a los mismos trabajadores.<\/p>\n<p>Seg\u00fan han declarado los representantes de Antapaccay, contribuir\u00e1n a las investigaciones para determinar las razones del accidente. As\u00ed mismo, el hecho ya ha sido reportado a la Sunafil y al Ministerio de Energ\u00eda y Minas.<\/p>","protected":false},"excerpt":{"rendered":"<p>El \u00faltimo 17 de agosto, ocurri\u00f3 un accidente laboral en la empresa minera Antapaccay, ubicada en la provincia cusque\u00f1a de Espinar. Dos trabajadores cayeron de una altura aproximada de 9 metros, mientras realizaban sus operaciones cotidianas. Uno de los t\u00e9cnicos del \u00e1rea de mantenimiento, Roberto Valera Chanduca falleci\u00f3 instant\u00e1neamente, mientras que el segundo trabajador, Fredy [&hellip;]<\/p>\n","protected":false},"author":1,"featured_media":4632,"comment_status":"open","ping_status":"open","sticky":false,"template":"","format":"standard","meta":{"_monsterinsights_skip_tracking":false,"_monsterinsights_sitenote_active":false,"_monsterinsights_sitenote_note":"","_monsterinsights_sitenote_category":0,"_jetpack_memberships_contains_paid_content":false,"footnotes":"","jetpack_publicize_message":"","jetpack_publicize_feature_enabled":true,"jetpack_social_post_already_shared":false,"jetpack_social_options":{"image_generator_settings":{"template":"highway","default_image_id":0,"font":"","enabled":false},"version":2}},"categories":[1],"tags":[],"class_list":["post-4631","post","type-post","status-publish","format-standard","has-post-thumbnail","hentry","category-sin-categoria"],"blocksy_meta":[],"jetpack_publicize_connections":[],"jetpack_featured_media_url":"https:\/\/derechosinfronteras.pe\/wp-content\/uploads\/2018\/08\/39441601_2097711013827035_2996550226598166528_n.jpg","jetpack_sharing_enabled":true,"jetpack_likes_enabled":true,"_links":{"self":[{"href":"https:\/\/derechosinfronteras.pe\/ingles\/wp-json\/wp\/v2\/posts\/4631","targetHints":{"allow":["GET"]}}],"collection":[{"href":"https:\/\/derechosinfronteras.pe\/ingles\/wp-json\/wp\/v2\/posts"}],"about":[{"href":"https:\/\/derechosinfronteras.pe\/ingles\/wp-json\/wp\/v2\/types\/post"}],"author":[{"embeddable":true,"href":"https:\/\/derechosinfronteras.pe\/ingles\/wp-json\/wp\/v2\/users\/1"}],"replies":[{"embeddable":true,"href":"https:\/\/derechosinfronteras.pe\/ingles\/wp-json\/wp\/v2\/comments?post=4631"}],"version-history":[{"count":0,"href":"https:\/\/derechosinfronteras.pe\/ingles\/wp-json\/wp\/v2\/posts\/4631\/revisions"}],"wp:featuredmedia":[{"embeddable":true,"href":"https:\/\/derechosinfronteras.pe\/ingles\/wp-json\/wp\/v2\/media\/4632"}],"wp:attachment":[{"href":"https:\/\/derechosinfronteras.pe\/ingles\/wp-json\/wp\/v2\/media?parent=4631"}],"wp:term":[{"taxonomy":"category","embeddable":true,"href":"https:\/\/derechosinfronteras.pe\/ingles\/wp-json\/wp\/v2\/categories?post=4631"},{"taxonomy":"post_tag","embeddable":true,"href":"https:\/\/derechosinfronteras.pe\/ingles\/wp-json\/wp\/v2\/tags?post=4631"}],"curies":[{"name":"wp","href":"https:\/\/api.w.org\/{rel}","templated":true}]}}