{"id":4635,"date":"2018-08-16T12:10:03","date_gmt":"2018-08-16T17:10:03","guid":{"rendered":"http:\/\/derechosinfronteras.pe\/?p=4020"},"modified":"2018-08-16T12:10:03","modified_gmt":"2018-08-16T17:10:03","slug":"chumbivilcas-inician-campana-para-construir-casa-refugio-para-mujeres-victimas-de-violencia-de-genero","status":"publish","type":"post","link":"https:\/\/derechosinfronteras.pe\/ingles\/chumbivilcas-inician-campana-para-construir-casa-refugio-para-mujeres-victimas-de-violencia-de-genero\/","title":{"rendered":"Chumbivilcas: Inician campa\u00f1a para construir casa refugio para mujeres v\u00edctimas de violencia de g\u00e9nero"},"content":{"rendered":"<p>&nbsp;<\/p>\n<p>Seg\u00fan los datos estad\u00edsticos del Programa Nacional contra la Violencia Familiar y Sexual del Ministerio de la Mujer y Poblaciones Vulnerables, en la provincia cusque\u00f1a de Chumbivilcas,\u00a0 durante los meses de enero a junio del 2018, se han registrado 92 casos de personas afectadas por hechos de violencia, principalmente mujeres\u00a0 u otros integrantes del grupo familiar. Las denuncias fueron atendidas por el Centro de Emergencia Mujer.<\/p>\n<p>Chumbivilcas, es una de las provincias con un alto \u00edndice de violencia hacia la mujer, teniendo en cuenta esta realidad, <strong>La Instancia provincial de Concertaci\u00f3n para erradicar la violencia contra la mujer y los integrantes del grupo familiar de la provincia de Chumbivilcas<\/strong>\u00a0, a la cual <a href=\"https:\/\/www.facebook.com\/derechossinfronteras.pe\/\" target=\"_blank\" rel=\"noopener\">Derechos Humanos Sin Fronteras<\/a> es integrante; se viene organizando la campa\u00f1a de recaudaci\u00f3n de fondos para la construcci\u00f3n de la casa de refugio que servir\u00e1 de\u00a0acogida y ayuda para aquellas mujeres que sufren todo tipo de violencia en su hogar y no pueden retornar con su agresor, donde muchas veces terminan siendo asesinadas.<\/p>\n<p>Las actividades inician este 19 de agosto, desde las 9:00 a.m., en la Plaza de Armas de Santo Tom\u00e1s. con una rifa solidaria. En los pr\u00f3ximos d\u00edas se anunciaran las siguientes actividades de recaudaci\u00f3n.<\/p>","protected":false},"excerpt":{"rendered":"<p>&nbsp; Seg\u00fan los datos estad\u00edsticos del Programa Nacional contra la Violencia Familiar y Sexual del Ministerio de la Mujer y Poblaciones Vulnerables, en la provincia cusque\u00f1a de Chumbivilcas,\u00a0 durante los meses de enero a junio del 2018, se han registrado 92 casos de personas afectadas por hechos de violencia, principalmente mujeres\u00a0 u otros integrantes del [&hellip;]<\/p>\n","protected":false},"author":1,"featured_media":4636,"comment_status":"open","ping_status":"open","sticky":false,"template":"","format":"standard","meta":{"_monsterinsights_skip_tracking":false,"_monsterinsights_sitenote_active":false,"_monsterinsights_sitenote_note":"","_monsterinsights_sitenote_category":0,"_jetpack_memberships_contains_paid_content":false,"footnotes":"","jetpack_publicize_message":"","jetpack_publicize_feature_enabled":true,"jetpack_social_post_already_shared":false,"jetpack_social_options":{"image_generator_settings":{"template":"highway","default_image_id":0,"font":"","enabled":false},"version":2}},"categories":[1],"tags":[],"class_list":["post-4635","post","type-post","status-publish","format-standard","has-post-thumbnail","hentry","category-sin-categoria"],"blocksy_meta":[],"jetpack_publicize_connections":[],"jetpack_featured_media_url":"https:\/\/derechosinfronteras.pe\/wp-content\/uploads\/2018\/08\/WhatsApp-Image-2018-08-15-at-6.34.21-PM-e1534376422499.jpeg","jetpack_sharing_enabled":true,"jetpack_likes_enabled":true,"_links":{"self":[{"href":"https:\/\/derechosinfronteras.pe\/ingles\/wp-json\/wp\/v2\/posts\/4635","targetHints":{"allow":["GET"]}}],"collection":[{"href":"https:\/\/derechosinfronteras.pe\/ingles\/wp-json\/wp\/v2\/posts"}],"about":[{"href":"https:\/\/derechosinfronteras.pe\/ingles\/wp-json\/wp\/v2\/types\/post"}],"author":[{"embeddable":true,"href":"https:\/\/derechosinfronteras.pe\/ingles\/wp-json\/wp\/v2\/users\/1"}],"replies":[{"embeddable":true,"href":"https:\/\/derechosinfronteras.pe\/ingles\/wp-json\/wp\/v2\/comments?post=4635"}],"version-history":[{"count":0,"href":"https:\/\/derechosinfronteras.pe\/ingles\/wp-json\/wp\/v2\/posts\/4635\/revisions"}],"wp:featuredmedia":[{"embeddable":true,"href":"https:\/\/derechosinfronteras.pe\/ingles\/wp-json\/wp\/v2\/media\/4636"}],"wp:attachment":[{"href":"https:\/\/derechosinfronteras.pe\/ingles\/wp-json\/wp\/v2\/media?parent=4635"}],"wp:term":[{"taxonomy":"category","embeddable":true,"href":"https:\/\/derechosinfronteras.pe\/ingles\/wp-json\/wp\/v2\/categories?post=4635"},{"taxonomy":"post_tag","embeddable":true,"href":"https:\/\/derechosinfronteras.pe\/ingles\/wp-json\/wp\/v2\/tags?post=4635"}],"curies":[{"name":"wp","href":"https:\/\/api.w.org\/{rel}","templated":true}]}}