{"id":4637,"date":"2018-08-07T18:22:45","date_gmt":"2018-08-07T23:22:45","guid":{"rendered":"http:\/\/derechosinfronteras.pe\/?p=4012"},"modified":"2018-08-07T18:22:45","modified_gmt":"2018-08-07T23:22:45","slug":"pronunciamiento-mmg-las-bambas-rompe-dialogo-con-velille","status":"publish","type":"post","link":"https:\/\/derechosinfronteras.pe\/ingles\/pronunciamiento-mmg-las-bambas-rompe-dialogo-con-velille\/","title":{"rendered":"PRONUNCIAMIENTO:  MMG Las Bambas rompe di\u00e1logo con Velille"},"content":{"rendered":"<div class=\"fb-video\" data-allowfullscreen=\"true\" data-href=\"https:\/\/www.facebook.com\/derechossinfronteras.pe\/videos\/1746206895497831\/\" style=\"background-color: #fff; display: inline-block;\"><\/div>\n<p><strong>Pronunciamiento Del Pueblo de Velille, Chumbivilcas &#8211; Cusco<\/strong><\/p>\n<p>El distrito de Velille mediante sus autoridades, dirigentes, comunidades campesinas, organizaciones sociales, y pueblo en su conjunto, se dirige a la opini\u00f3n p\u00fablica local, regional, nacional e internacional, para manifestar lo siguiente:<\/p>\n<p><strong>PRIMERO.- <\/strong>el distrito de Velille ven\u00eda entablando una mesa de di\u00e1logo con la empresa minera MMG Las Bambas para resolver los problemas ambientales y sociales que ocasiona con el uso de la carretera que es de uso exclusivo de la empresa, sin embargo el di\u00e1logo ha sido abandonado por la Empresa minera MMG Las Bambas, demostrando su negativa al di\u00e1logo y la soluci\u00f3n de problemas.<\/p>\n<p><strong>SEGUNDO._ <\/strong>El distrito de Velille plantea la siguiente agenda:<\/p>\n<p>1.- Modificatoria del Estudio de Impacto Ambiental declarando de influencia directa Ambiental y Social al distrito.<\/p>\n<p>2.- Revisi\u00f3n y Evaluaci\u00f3n de los compromisos realizados al distrito y a las Comunidades Campesinas de Ccollana, Tuntuma y Urbanizaciones barriales.<\/p>\n<p>3.-Indemnizaciones y compensaciones de los da\u00f1os ocasionado por la empresa minera MMG Las Bambas.<\/p>\n<p>4.- Beneficios de acceso a la prestaci\u00f3n de Servicios y Bienes, as\u00ed como a puestos laborales que genera la empresa.<\/p>\n<p>5.- Firma de Convenio Marco.<\/p>\n<p><strong>TERCERO.- <\/strong>Rechazamos la actitud prepotente y abusiva de la Empresa minera MMG Las Bambas y su negativa al di\u00e1logo de resolver los da\u00f1os ambientales y sociales por lo tanto anunciamos el reinicio de las medidas de lucha suspendidas hasta la fecha, exhortando a todos los pueblos ubicados en el corredor minero a sumarse a esta lucha.<\/p>\n<p><strong>CUARTO.- <\/strong>Nos dirigimos al Estado Peruano, a la Comunidad Nacional e Internacional a difundir la actitud prepotente, abusiva de la empresa minera MMG Las Bambas que no aporta en el desarrollo de los pueblos, al contrario ocasiona pobreza y divisi\u00f3n entre sus pobladores.<\/p>\n<p><strong>QUINTO.- <\/strong>Responsabilizamos a la empresa minera MMG Las Bambas y al Estado de cualquier hecho o consecuencia que pudiera ocurrir m\u00e1s adelante.<\/p>\n<p style=\"text-align: right;\">Velille, 26-07-18<\/p>\n<p style=\"text-align: center;\"><strong>\u00a1QUE VIVA VELILLE!<\/strong><\/p>\n<p style=\"text-align: center;\"><strong>\u00a1VELILLE UNIDO JAM\u00c1S SER\u00c1 VENCIDO!<\/strong><\/p>\n<figure id=\"attachment_4016\" aria-describedby=\"caption-attachment-4016\" style=\"width: 768px\" class=\"wp-caption aligncenter\"><img fetchpriority=\"high\" decoding=\"async\" class=\"wp-image-4016 size-large\" src=\"http:\/\/derechosinfronteras.pe\/wp-content\/uploads\/2018\/08\/WhatsApp-Image-2018-08-06-at-5.34.14-PM-768x1024.jpeg\" alt=\"\" width=\"768\" height=\"1024\" \/><figcaption id=\"caption-attachment-4016\" class=\"wp-caption-text\">Pronunciamiento firmando por autoridades y dirigentes del distrito de Velille.<\/figcaption><\/figure>","protected":false},"excerpt":{"rendered":"<p>Pronunciamiento Del Pueblo de Velille, Chumbivilcas &#8211; Cusco El distrito de Velille mediante sus autoridades, dirigentes, comunidades campesinas, organizaciones sociales, y pueblo en su conjunto, se dirige a la opini\u00f3n p\u00fablica local, regional, nacional e internacional, para manifestar lo siguiente: PRIMERO.- el distrito de Velille ven\u00eda entablando una mesa de di\u00e1logo con la empresa minera [&hellip;]<\/p>\n","protected":false},"author":1,"featured_media":4638,"comment_status":"open","ping_status":"open","sticky":false,"template":"","format":"standard","meta":{"_monsterinsights_skip_tracking":false,"_monsterinsights_sitenote_active":false,"_monsterinsights_sitenote_note":"","_monsterinsights_sitenote_category":0,"_jetpack_memberships_contains_paid_content":false,"footnotes":"","jetpack_publicize_message":"","jetpack_publicize_feature_enabled":true,"jetpack_social_post_already_shared":false,"jetpack_social_options":{"image_generator_settings":{"template":"highway","default_image_id":0,"font":"","enabled":false},"version":2}},"categories":[1],"tags":[],"class_list":["post-4637","post","type-post","status-publish","format-standard","has-post-thumbnail","hentry","category-sin-categoria"],"blocksy_meta":[],"jetpack_publicize_connections":[],"jetpack_featured_media_url":"https:\/\/derechosinfronteras.pe\/wp-content\/uploads\/2018\/08\/Velille-e1533684048796.jpg","jetpack_sharing_enabled":true,"jetpack_likes_enabled":true,"_links":{"self":[{"href":"https:\/\/derechosinfronteras.pe\/ingles\/wp-json\/wp\/v2\/posts\/4637","targetHints":{"allow":["GET"]}}],"collection":[{"href":"https:\/\/derechosinfronteras.pe\/ingles\/wp-json\/wp\/v2\/posts"}],"about":[{"href":"https:\/\/derechosinfronteras.pe\/ingles\/wp-json\/wp\/v2\/types\/post"}],"author":[{"embeddable":true,"href":"https:\/\/derechosinfronteras.pe\/ingles\/wp-json\/wp\/v2\/users\/1"}],"replies":[{"embeddable":true,"href":"https:\/\/derechosinfronteras.pe\/ingles\/wp-json\/wp\/v2\/comments?post=4637"}],"version-history":[{"count":0,"href":"https:\/\/derechosinfronteras.pe\/ingles\/wp-json\/wp\/v2\/posts\/4637\/revisions"}],"wp:featuredmedia":[{"embeddable":true,"href":"https:\/\/derechosinfronteras.pe\/ingles\/wp-json\/wp\/v2\/media\/4638"}],"wp:attachment":[{"href":"https:\/\/derechosinfronteras.pe\/ingles\/wp-json\/wp\/v2\/media?parent=4637"}],"wp:term":[{"taxonomy":"category","embeddable":true,"href":"https:\/\/derechosinfronteras.pe\/ingles\/wp-json\/wp\/v2\/categories?post=4637"},{"taxonomy":"post_tag","embeddable":true,"href":"https:\/\/derechosinfronteras.pe\/ingles\/wp-json\/wp\/v2\/tags?post=4637"}],"curies":[{"name":"wp","href":"https:\/\/api.w.org\/{rel}","templated":true}]}}