{"id":4641,"date":"2018-08-02T13:12:09","date_gmt":"2018-08-02T18:12:09","guid":{"rendered":"http:\/\/derechosinfronteras.pe\/?p=4002"},"modified":"2018-08-02T13:12:09","modified_gmt":"2018-08-02T18:12:09","slug":"8-anos-despues-absuelven-a-dirigentes-que-protestaron-contra-proyecto-majes-siguas","status":"publish","type":"post","link":"https:\/\/derechosinfronteras.pe\/ingles\/8-anos-despues-absuelven-a-dirigentes-que-protestaron-contra-proyecto-majes-siguas\/","title":{"rendered":"8 a\u00f1os despu\u00e9s: Absuelven a dirigentes que protestaron contra proyecto Majes Siguas"},"content":{"rendered":"<p>Despu\u00e9s de 8 a\u00f1os de procesos e investigaciones, el \u00faltimo 20 de julio, al promediar las once de la ma\u00f1ana, Los Magistrados del Juzgado Colegiado de Cusco declararon sentencia absolutoria a favor de los dirigentes de Espinar procesados por las manifestaciones en contra del proyecto \u2018Majes Siguas\u2019.<\/p>\n<p>Como se recuerda en el a\u00f1o 2010 en la provincia cusque\u00f1a de Espinar, la poblaci\u00f3n inici\u00f3 manifestaciones y protestas en defensa de sus recursos h\u00eddricos que se ver\u00edan afectados por del otorgamiento de la licitaci\u00f3n para ejecutar el proyecto de la represa de Angostura.<\/p>\n<p>Ante estas manifestaciones, Horacio Quispe Succllo, Edgar Zevallos, Nestor Cuti, entre otros dirigentes, fueron denunciados por la Fiscal\u00eda por los supuestos delitos de extorci\u00f3n, disturbios y entorpecimiento de los servicios p\u00fablicos. \u00a0Despu\u00e9s de varios a\u00f1os de investigaciones a los dirigentes mencionados por parte de la Fiscal\u00eda Penal Corporativa de Espinar, reci\u00e9n en marzo del presente a\u00f1os inici\u00f3 el juicio oral en el Juzgado Colegiado de Cusco.<\/p>\n<p>Luego de cinco meses de permanentes audiencias en etapa de juzgamiento, los testigos y los medios probatorios ayudaron a reafirmar la inocencia de los procesados. La defensa y asesor\u00eda legal, en el \u00faltimo tiempo del proceso, estuvo a cargo de las y los abogados de Derechos Humanos sin Fronteras. Esta sentencia marca un precedente importante para empezar a cuestionar los casos en que la Fiscal\u00eda criminaliza la protesta social.<\/p>","protected":false},"excerpt":{"rendered":"<p>Despu\u00e9s de 8 a\u00f1os de procesos e investigaciones, el \u00faltimo 20 de julio, al promediar las once de la ma\u00f1ana, Los Magistrados del Juzgado Colegiado de Cusco declararon sentencia absolutoria a favor de los dirigentes de Espinar procesados por las manifestaciones en contra del proyecto \u2018Majes Siguas\u2019. Como se recuerda en el a\u00f1o 2010 en [&hellip;]<\/p>\n","protected":false},"author":1,"featured_media":4642,"comment_status":"open","ping_status":"open","sticky":false,"template":"","format":"standard","meta":{"_monsterinsights_skip_tracking":false,"_monsterinsights_sitenote_active":false,"_monsterinsights_sitenote_note":"","_monsterinsights_sitenote_category":0,"_jetpack_memberships_contains_paid_content":false,"footnotes":"","jetpack_publicize_message":"","jetpack_publicize_feature_enabled":true,"jetpack_social_post_already_shared":false,"jetpack_social_options":{"image_generator_settings":{"template":"highway","default_image_id":0,"font":"","enabled":false},"version":2}},"categories":[1],"tags":[],"class_list":["post-4641","post","type-post","status-publish","format-standard","has-post-thumbnail","hentry","category-sin-categoria"],"blocksy_meta":[],"jetpack_publicize_connections":[],"jetpack_featured_media_url":"https:\/\/derechosinfronteras.pe\/wp-content\/uploads\/2018\/08\/558x367.jpg","jetpack_sharing_enabled":true,"jetpack_likes_enabled":true,"_links":{"self":[{"href":"https:\/\/derechosinfronteras.pe\/ingles\/wp-json\/wp\/v2\/posts\/4641","targetHints":{"allow":["GET"]}}],"collection":[{"href":"https:\/\/derechosinfronteras.pe\/ingles\/wp-json\/wp\/v2\/posts"}],"about":[{"href":"https:\/\/derechosinfronteras.pe\/ingles\/wp-json\/wp\/v2\/types\/post"}],"author":[{"embeddable":true,"href":"https:\/\/derechosinfronteras.pe\/ingles\/wp-json\/wp\/v2\/users\/1"}],"replies":[{"embeddable":true,"href":"https:\/\/derechosinfronteras.pe\/ingles\/wp-json\/wp\/v2\/comments?post=4641"}],"version-history":[{"count":0,"href":"https:\/\/derechosinfronteras.pe\/ingles\/wp-json\/wp\/v2\/posts\/4641\/revisions"}],"wp:featuredmedia":[{"embeddable":true,"href":"https:\/\/derechosinfronteras.pe\/ingles\/wp-json\/wp\/v2\/media\/4642"}],"wp:attachment":[{"href":"https:\/\/derechosinfronteras.pe\/ingles\/wp-json\/wp\/v2\/media?parent=4641"}],"wp:term":[{"taxonomy":"category","embeddable":true,"href":"https:\/\/derechosinfronteras.pe\/ingles\/wp-json\/wp\/v2\/categories?post=4641"},{"taxonomy":"post_tag","embeddable":true,"href":"https:\/\/derechosinfronteras.pe\/ingles\/wp-json\/wp\/v2\/tags?post=4641"}],"curies":[{"name":"wp","href":"https:\/\/api.w.org\/{rel}","templated":true}]}}