{"id":4643,"date":"2018-07-16T18:27:21","date_gmt":"2018-07-16T23:27:21","guid":{"rendered":"http:\/\/derechosinfronteras.pe\/?p=3992"},"modified":"2018-07-16T18:27:21","modified_gmt":"2018-07-16T23:27:21","slug":"cusco-presentacion-del-libro-potosi-el-origen-genealogia-de-la-mineria-contemporanea","status":"publish","type":"post","link":"https:\/\/derechosinfronteras.pe\/ingles\/cusco-presentacion-del-libro-potosi-el-origen-genealogia-de-la-mineria-contemporanea\/","title":{"rendered":"Cusco: Presentaci\u00f3n del libro \u201cPotos\u00ed el Origen, Genealog\u00eda de la miner\u00eda contempor\u00e1nea\u201d"},"content":{"rendered":"<p style=\"text-align: justify;\">Este viernes 20 de julio se presentar\u00e1 en Cusco el libro: \u201cPotos\u00ed el Origen, Genealog\u00eda de la miner\u00eda contempor\u00e1nea\u201d del investigador Horacio Machado Ar\u00e1oz, quien para analizar la miner\u00eda contempor\u00e1nea el autor tuvo que ir hasta el a\u00f1o 1545, momento en que se descubri\u00f3 el Cerro Rico del Potos\u00ed.<\/p>\n<blockquote>\n<h5><strong>\u201cVolver a los or\u00edgenes, nos puede permitir advertir con mayor nitidez los principios constituyentes de esta Era, del sistema-mundo, de sus bases estructurales y su din\u00e1mica hist\u00f3rica\u201d, indica Horacio Machado<\/strong><\/h5>\n<\/blockquote>\n<p style=\"text-align: justify;\">En la presentaci\u00f3n del libro el autor expondr\u00e1 sobre al an\u00e1lisis del extractivismo como una categor\u00eda cr\u00edtica desde sus or\u00edgenes hasta las actuales depredaciones ambientales, sociales y culturales de la mega miner\u00eda en toda la cordillera de los Andes.<br \/>\nPara esta investigaci\u00f3n \u00abPotos\u00ed\u00bb marca la irrupci\u00f3n no s\u00f3lo de una nueva forma de miner\u00eda, sino ya de una nueva Era geol\u00f3gica en la historia de la humanidad, gener\u00f3 las condiciones para la emergencia del capitalismo globalizado, entendido este proceso como la mineralizaci\u00f3n de la condici\u00f3n humana, la noci\u00f3n de una Am\u00e9rica Latina proveedora de riqueza primaria a cambio de pobreza.<\/p>\n<blockquote>\n<h5><strong>La presentaci\u00f3n del libro ser\u00e1 este viernes 20 de julio a las 6:00 p.m. en la Sala Sacsayhuam\u00e1n de la Municipalidad Provincial del Cusco, Plaza Regocijo s\/n. Contar\u00e1 con la presencia de l\u00edderes sociales y acad\u00e9micos que comentaran la investigaci\u00f3n \u201cPotos\u00ed, El Origen\u201d.<\/strong><\/h5>\n<\/blockquote>\n<p style=\"text-align: justify;\">La presentaci\u00f3n y promoci\u00f3n del libro es impulsada por el Programa Democracia y Transformaci\u00f3n Global (PDTG) y Derechos Humanos Sin Fronteras.<\/p>\n<p style=\"text-align: justify;\"><img decoding=\"async\" class=\"alignleft  wp-image-3993\" src=\"http:\/\/derechosinfronteras.pe\/wp-content\/uploads\/2018\/07\/Horacio-Machado-300x245.jpg\" alt=\"\" width=\"212\" height=\"173\" \/><strong>Horacio Machado Ar\u00e1oz<\/strong> (Catamarca, Rep\u00fablica Argentina) es licenciado en Ciencia Pol\u00edtica (Universidad Cat\u00f3lica de C\u00f3rdoba), diplomado en Planificaci\u00f3n Social para el Desarrollo Local (Sur-Cepal, Santiago de Chile), mag\u00edster en Ciencias Sociales y doctor en Ciencias Humanas (Universidad Nacional de Catamarca). Su tesis de doctorado (Naturaleza mineral. Una ecolog\u00eda pol\u00edtica del colonialismo moderno, 2012) aborda la investigaci\u00f3n de la miner\u00eda transnacional como una de las vetas claves del sociometabolismo colonial del capital y la constituci\u00f3n hist\u00f3rico-geogr\u00e1fica de la hegemon\u00eda de Occidente.<\/p>","protected":false},"excerpt":{"rendered":"<p>Este viernes 20 de julio se presentar\u00e1 en Cusco el libro: \u201cPotos\u00ed el Origen, Genealog\u00eda de la miner\u00eda contempor\u00e1nea\u201d del investigador Horacio Machado Ar\u00e1oz, quien para analizar la miner\u00eda contempor\u00e1nea el autor tuvo que ir hasta el a\u00f1o 1545, momento en que se descubri\u00f3 el Cerro Rico del Potos\u00ed. \u201cVolver a los or\u00edgenes, nos puede [&hellip;]<\/p>\n","protected":false},"author":1,"featured_media":4644,"comment_status":"open","ping_status":"open","sticky":false,"template":"","format":"standard","meta":{"_monsterinsights_skip_tracking":false,"_monsterinsights_sitenote_active":false,"_monsterinsights_sitenote_note":"","_monsterinsights_sitenote_category":0,"_jetpack_memberships_contains_paid_content":false,"footnotes":"","jetpack_publicize_message":"","jetpack_publicize_feature_enabled":true,"jetpack_social_post_already_shared":false,"jetpack_social_options":{"image_generator_settings":{"template":"highway","default_image_id":0,"font":"","enabled":false},"version":2}},"categories":[1],"tags":[],"class_list":["post-4643","post","type-post","status-publish","format-standard","has-post-thumbnail","hentry","category-sin-categoria"],"blocksy_meta":[],"jetpack_publicize_connections":[],"jetpack_featured_media_url":"https:\/\/derechosinfronteras.pe\/wp-content\/uploads\/2018\/07\/Potosi-pagina-web-2.jpg","jetpack_sharing_enabled":true,"jetpack_likes_enabled":true,"_links":{"self":[{"href":"https:\/\/derechosinfronteras.pe\/ingles\/wp-json\/wp\/v2\/posts\/4643","targetHints":{"allow":["GET"]}}],"collection":[{"href":"https:\/\/derechosinfronteras.pe\/ingles\/wp-json\/wp\/v2\/posts"}],"about":[{"href":"https:\/\/derechosinfronteras.pe\/ingles\/wp-json\/wp\/v2\/types\/post"}],"author":[{"embeddable":true,"href":"https:\/\/derechosinfronteras.pe\/ingles\/wp-json\/wp\/v2\/users\/1"}],"replies":[{"embeddable":true,"href":"https:\/\/derechosinfronteras.pe\/ingles\/wp-json\/wp\/v2\/comments?post=4643"}],"version-history":[{"count":0,"href":"https:\/\/derechosinfronteras.pe\/ingles\/wp-json\/wp\/v2\/posts\/4643\/revisions"}],"wp:featuredmedia":[{"embeddable":true,"href":"https:\/\/derechosinfronteras.pe\/ingles\/wp-json\/wp\/v2\/media\/4644"}],"wp:attachment":[{"href":"https:\/\/derechosinfronteras.pe\/ingles\/wp-json\/wp\/v2\/media?parent=4643"}],"wp:term":[{"taxonomy":"category","embeddable":true,"href":"https:\/\/derechosinfronteras.pe\/ingles\/wp-json\/wp\/v2\/categories?post=4643"},{"taxonomy":"post_tag","embeddable":true,"href":"https:\/\/derechosinfronteras.pe\/ingles\/wp-json\/wp\/v2\/tags?post=4643"}],"curies":[{"name":"wp","href":"https:\/\/api.w.org\/{rel}","templated":true}]}}