{"id":4647,"date":"2018-07-11T12:31:34","date_gmt":"2018-07-11T17:31:34","guid":{"rendered":"http:\/\/derechosinfronteras.pe\/?p=3981"},"modified":"2018-07-11T12:31:34","modified_gmt":"2018-07-11T17:31:34","slug":"espinar-fucae-advierte-sobre-irregular-ampliacion-minera-coroccohuayco","status":"publish","type":"post","link":"https:\/\/derechosinfronteras.pe\/ingles\/espinar-fucae-advierte-sobre-irregular-ampliacion-minera-coroccohuayco\/","title":{"rendered":"Espinar: FUCAE advierte sobre irregular ampliaci\u00f3n minera Coroccohuayco"},"content":{"rendered":"<p style=\"text-align: justify;\"><strong>La Federaci\u00f3n Unificada de Campesinos de la Provincia de Espinar (FUCAE)<\/strong> junto con las comunidades campesinas del entorno minero \u2013a trav\u00e9s de un pronunciamiento- han alertado a la opini\u00f3n p\u00fablica sobre la posible aprobaci\u00f3n de la Modificaci\u00f3n del Estudio de Impacto Ambiental (MEIA) de ANTAPACAY, expansi\u00f3n TINTAYA \u2013 integraci\u00f3n COROCCOHUAYCO, un proceso que estar\u00eda omitiendo el derecho a consulta previa de las comunidades y la afectaci\u00f3n a sus territorios.<\/p>\n<p style=\"text-align: justify;\">La FUCAE ha indicado que en estos momentos <strong>el Servicio Nacional de Certificaci\u00f3n Ambiental para Inversiones Sostenibles (SENACE) del Ministerio del Ambiente viene tramitando el MEIA de expansi\u00f3n minera<\/strong> y que la empresa Antapacay estar\u00eda impulsando asambleas informativas para lograr la licencia social aprovech\u00e1ndose del desconocimiento de las comunidades campesinas.<\/p>\n<blockquote>\n<p style=\"text-align: justify;\">De acuerdo a la empresa minera Antapacay S.A. existe un Plan de Participaci\u00f3n Ciudadana aprobado por el SENACE; sin embargo la FUCAE ha indicado que ninguna organizaci\u00f3n social, ni comunidades conocen dicho plan, ni fue aprobada por ellas.<\/p>\n<\/blockquote>\n<div class=\"tiled-gallery type-rectangular tiled-gallery-unresized\" data-original-width=\"1290\" data-carousel-extra='null' itemscope itemtype=\"http:\/\/schema.org\/ImageGallery\" > <div class=\"gallery-row\" style=\"width: 1290px; height: 860px;\" data-original-width=\"1290\" data-original-height=\"860\" > <div class=\"gallery-group images-1\" style=\"width: 1290px; height: 860px;\" data-original-width=\"1290\" data-original-height=\"860\" > <div class=\"tiled-gallery-item tiled-gallery-item-large\" itemprop=\"associatedMedia\" itemscope itemtype=\"http:\/\/schema.org\/ImageObject\"> <a href=\"https:\/\/derechosinfronteras.pe\/ingles\/estado-debe-cumplir-con-brindar-atencion-prioritaria-a-las-victimas-de-esterilizaciones-forzadas\/nota-red\/\" border=\"0\" itemprop=\"url\"> <meta itemprop=\"width\" content=\"1286\"> <meta itemprop=\"height\" content=\"856\"> <img loading=\"lazy\" decoding=\"async\" class=\"\" data-attachment-id=\"3983\" data-orig-file=\"https:\/\/derechosinfronteras.pe\/wp-content\/uploads\/2020\/05\/NOTA-RED.jpg\" data-orig-size=\"1000,666\" data-comments-opened=\"1\" data-image-meta=\"{&quot;aperture&quot;:&quot;0&quot;,&quot;credit&quot;:&quot;Yulissa&quot;,&quot;camera&quot;:&quot;&quot;,&quot;caption&quot;:&quot;&quot;,&quot;created_timestamp&quot;:&quot;1590685754&quot;,&quot;copyright&quot;:&quot;&quot;,&quot;focal_length&quot;:&quot;0&quot;,&quot;iso&quot;:&quot;0&quot;,&quot;shutter_speed&quot;:&quot;0&quot;,&quot;title&quot;:&quot;&quot;,&quot;orientation&quot;:&quot;0&quot;}\" data-image-title=\"NOTA-RED\" data-image-description=\"\" data-medium-file=\"https:\/\/derechosinfronteras.pe\/wp-content\/uploads\/2020\/05\/NOTA-RED-300x200.jpg\" data-large-file=\"https:\/\/derechosinfronteras.pe\/wp-content\/uploads\/2020\/05\/NOTA-RED-1024x682.jpg\" src=\"https:\/\/i0.wp.com\/derechosinfronteras.pe\/wp-content\/uploads\/2020\/05\/NOTA-RED.jpg?w=1286&#038;h=856&#038;ssl=1\" srcset=\"https:\/\/derechosinfronteras.pe\/wp-content\/uploads\/2020\/05\/NOTA-RED.jpg 1000w, https:\/\/derechosinfronteras.pe\/wp-content\/uploads\/2020\/05\/NOTA-RED-300x200.jpg 300w, https:\/\/derechosinfronteras.pe\/wp-content\/uploads\/2020\/05\/NOTA-RED-1024x682.jpg 1024w, https:\/\/derechosinfronteras.pe\/wp-content\/uploads\/2020\/05\/NOTA-RED-768x512.jpg 768w, https:\/\/derechosinfronteras.pe\/wp-content\/uploads\/2020\/05\/NOTA-RED-1536x1024.jpg 1536w\" width=\"1286\" height=\"856\" data-original-width=\"1286\" data-original-height=\"856\" itemprop=\"http:\/\/schema.org\/image\" title=\"NOTA-RED\" alt=\"Foto: Archivo DHSF\" style=\"width: 1286px; height: 856px;\" \/> <\/a> <div class=\"tiled-gallery-caption\" itemprop=\"caption description\"> Foto: Archivo DHSF <\/div> <\/div> <\/div> <!-- close group --> <\/div> <!-- close row --> <\/div>\n<p style=\"text-align: justify;\">En el pronunciamiento p\u00fablico <strong>la FUCAE es enf\u00e1tica en indicar que el pueblo de Espinar tiene derecho a la consulta, consentimiento e informaci\u00f3n<\/strong>; si no se respeta estos aspectos iniciar\u00edan medidas de protesta en donde mostraran su rechazo a este proceso de evaluaci\u00f3n y aprobaci\u00f3n de la MEIA Antapacay- Tintaya \u2013 Coroccohuayco.<\/p>\n<p><span style=\"color: #008000;\"><strong>Seguiremos informando&#8230;<\/strong><\/span><\/p>","protected":false},"excerpt":{"rendered":"<p>La Federaci\u00f3n Unificada de Campesinos de la Provincia de Espinar (FUCAE) junto con las comunidades campesinas del entorno minero \u2013a trav\u00e9s de un pronunciamiento- han alertado a la opini\u00f3n p\u00fablica sobre la posible aprobaci\u00f3n de la Modificaci\u00f3n del Estudio de Impacto Ambiental (MEIA) de ANTAPACAY, expansi\u00f3n TINTAYA \u2013 integraci\u00f3n COROCCOHUAYCO, un proceso que estar\u00eda omitiendo [&hellip;]<\/p>\n","protected":false},"author":1,"featured_media":4648,"comment_status":"open","ping_status":"open","sticky":false,"template":"","format":"standard","meta":{"_monsterinsights_skip_tracking":false,"_monsterinsights_sitenote_active":false,"_monsterinsights_sitenote_note":"","_monsterinsights_sitenote_category":0,"_jetpack_memberships_contains_paid_content":false,"footnotes":"","jetpack_publicize_message":"","jetpack_publicize_feature_enabled":true,"jetpack_social_post_already_shared":false,"jetpack_social_options":{"image_generator_settings":{"template":"highway","default_image_id":0,"font":"","enabled":false},"version":2}},"categories":[1],"tags":[],"class_list":["post-4647","post","type-post","status-publish","format-standard","has-post-thumbnail","hentry","category-sin-categoria"],"blocksy_meta":[],"jetpack_publicize_connections":[],"jetpack_featured_media_url":"https:\/\/derechosinfronteras.pe\/wp-content\/uploads\/2018\/07\/FUCAE3.jpg","jetpack_sharing_enabled":true,"jetpack_likes_enabled":true,"_links":{"self":[{"href":"https:\/\/derechosinfronteras.pe\/ingles\/wp-json\/wp\/v2\/posts\/4647","targetHints":{"allow":["GET"]}}],"collection":[{"href":"https:\/\/derechosinfronteras.pe\/ingles\/wp-json\/wp\/v2\/posts"}],"about":[{"href":"https:\/\/derechosinfronteras.pe\/ingles\/wp-json\/wp\/v2\/types\/post"}],"author":[{"embeddable":true,"href":"https:\/\/derechosinfronteras.pe\/ingles\/wp-json\/wp\/v2\/users\/1"}],"replies":[{"embeddable":true,"href":"https:\/\/derechosinfronteras.pe\/ingles\/wp-json\/wp\/v2\/comments?post=4647"}],"version-history":[{"count":0,"href":"https:\/\/derechosinfronteras.pe\/ingles\/wp-json\/wp\/v2\/posts\/4647\/revisions"}],"wp:featuredmedia":[{"embeddable":true,"href":"https:\/\/derechosinfronteras.pe\/ingles\/wp-json\/wp\/v2\/media\/4648"}],"wp:attachment":[{"href":"https:\/\/derechosinfronteras.pe\/ingles\/wp-json\/wp\/v2\/media?parent=4647"}],"wp:term":[{"taxonomy":"category","embeddable":true,"href":"https:\/\/derechosinfronteras.pe\/ingles\/wp-json\/wp\/v2\/categories?post=4647"},{"taxonomy":"post_tag","embeddable":true,"href":"https:\/\/derechosinfronteras.pe\/ingles\/wp-json\/wp\/v2\/tags?post=4647"}],"curies":[{"name":"wp","href":"https:\/\/api.w.org\/{rel}","templated":true}]}}