{"id":4649,"date":"2018-07-11T10:34:47","date_gmt":"2018-07-11T15:34:47","guid":{"rendered":"http:\/\/derechosinfronteras.pe\/?p=3978"},"modified":"2018-07-11T10:34:47","modified_gmt":"2018-07-11T15:34:47","slug":"red-muqui-rechaza-la-intimidacion-de-la-que-son-objeto-instituciones-de-derechos-humanos-y-ambientales-por-defender-derechos-en-casos-de-proyectos-mineros","status":"publish","type":"post","link":"https:\/\/derechosinfronteras.pe\/ingles\/red-muqui-rechaza-la-intimidacion-de-la-que-son-objeto-instituciones-de-derechos-humanos-y-ambientales-por-defender-derechos-en-casos-de-proyectos-mineros\/","title":{"rendered":"Red Muqui rechaza la intimidaci\u00f3n de la que son objeto instituciones de Derechos Humanos y ambientales por defender derechos en casos de proyectos mineros"},"content":{"rendered":"<p>RED MUQUI, colectivo de 29 instituciones de 11 regiones del Per\u00fa que desde hace 15 a\u00f1os acompa\u00f1a a comunidades y poblaciones que habitan en zonas mineras en la defensa y promoci\u00f3n de sus derechos, se dirige a la opini\u00f3n p\u00fablica nacional e internacional para manifestar lo siguiente:<\/p>\n<ol start=\"1\">\n<li>El gobierno del actual presidente Mart\u00edn Vizcarra, que fuera Vicepresidente de Pedro Pablo Kuczynski, mantiene la misma pol\u00edtica de represi\u00f3n, criminalizaci\u00f3n de la protesta social, imposici\u00f3n de estados de emergencia con suspensi\u00f3n de derechos constitucionales, persecuci\u00f3n de dirigentes sociales y miembros de instituciones de derechos humanos y ambientales. Indudablemente, esta pol\u00edtica contiene el conflicto pero no los resuelve y debilita la ya precaria democracia peruana.<\/li>\n<\/ol>\n<ol start=\"2\">\n<li>Esta forma de accionar del gobierno ahora se ha trasladado directamente a organizaciones de defensores y defensoras de derechos humanos, es el caso de Derechos Humanos Sin Fronteras de Cusco, organizaci\u00f3n miembro de la Red Muqui que ha sido notificada con cartas de la VII Macro Regi\u00f3n Policial de Cusco \u2013 Apurimac y de la Procuraduria del MININTER \u00a0 \u00a0 \u00a0 para que se rectifique en la informaci\u00f3n y denuncias que difunde por las redes sociales sobre abusos de derechos humanos en zonas mineras por parte de la PNP. Por ello denunciamos desde la Red Muqui que DHSF viene siendo objeto de continuo amedrentamiento y hostigamiento por parte del Ministerio del Interior (MININTER) y la Polic\u00eda Nacional del Per\u00fa (PNP) por el trabajo de defensa de derechos humanos que realiza en Cusco.<\/li>\n<\/ol>\n<ol start=\"3\">\n<li>Del mismo modo la situaci\u00f3n de persecuci\u00f3n se agudiza con la reciente acusaci\u00f3n fiscal dictada contra el abogado Juan Carlos Ruiz Molleda, del Instituto de Defensa Legal (IDL), instituci\u00f3n aliada de RED MUQUI y contra el m\u00e9dico Fernando Osores Plenge, quien fuera nuestro consultor para temas de salud ambiental y humana, y que sufren dicha persecuci\u00f3n e intimidaci\u00f3n por el hecho de haber denunciado irregularidades en los estudios m\u00e9dicos que realiz\u00f3 el Ministerio de Salud (MINSA), que afectaban el derecho a la vida y la salud de pobladores de Espinar.<\/li>\n<\/ol>\n<ol start=\"4\">\n<li>Recientes campa\u00f1as de difamaci\u00f3n tambi\u00e9n han sido ejercidas en contra de GRUFIDES de Cajamarca y la Coordinadora Nacional de Derechos Humanos, miembros de RED MUQUI, para buscar deslegitimar sus propuestas y acci\u00f3n p\u00fablica en defensa de los derechos de las comunidades y poblaciones afectadas por la miner\u00eda.<\/li>\n<\/ol>\n<p>Desde RED MUQUI consideramos que, si el gobierno busca que avancen las inversiones, no lo va a lograr con pr\u00e1cticas de amedrentamiento y persecuci\u00f3n en contra de defensoras y defensores de derechos humanos y ambientales, sino que se requiere marcos normativos y pol\u00edticas que respeten y garanticen los derechos a la salud, a la vida y al ambiente de los ciudadanos y ciudadanas del Per\u00fa. Solo una institucionalidad estatal que haga respetar dichos derechos contribuir\u00e1 a mejorar la calidad de vida y a garantizar un marco de democracia a los ciudadanos y ciudadanas en el pa\u00eds.<\/p>","protected":false},"excerpt":{"rendered":"<p>RED MUQUI, colectivo de 29 instituciones de 11 regiones del Per\u00fa que desde hace 15 a\u00f1os acompa\u00f1a a comunidades y poblaciones que habitan en zonas mineras en la defensa y promoci\u00f3n de sus derechos, se dirige a la opini\u00f3n p\u00fablica nacional e internacional para manifestar lo siguiente: El gobierno del actual presidente Mart\u00edn Vizcarra, que [&hellip;]<\/p>\n","protected":false},"author":1,"featured_media":4650,"comment_status":"open","ping_status":"open","sticky":false,"template":"","format":"standard","meta":{"_monsterinsights_skip_tracking":false,"_monsterinsights_sitenote_active":false,"_monsterinsights_sitenote_note":"","_monsterinsights_sitenote_category":0,"_jetpack_memberships_contains_paid_content":false,"footnotes":"","jetpack_publicize_message":"","jetpack_publicize_feature_enabled":true,"jetpack_social_post_already_shared":false,"jetpack_social_options":{"image_generator_settings":{"template":"highway","default_image_id":0,"font":"","enabled":false},"version":2}},"categories":[1],"tags":[],"class_list":["post-4649","post","type-post","status-publish","format-standard","has-post-thumbnail","hentry","category-sin-categoria"],"blocksy_meta":[],"jetpack_publicize_connections":[],"jetpack_featured_media_url":"https:\/\/derechosinfronteras.pe\/wp-content\/uploads\/2018\/07\/Osores-y-Ruis.jpg","jetpack_sharing_enabled":true,"jetpack_likes_enabled":true,"_links":{"self":[{"href":"https:\/\/derechosinfronteras.pe\/ingles\/wp-json\/wp\/v2\/posts\/4649","targetHints":{"allow":["GET"]}}],"collection":[{"href":"https:\/\/derechosinfronteras.pe\/ingles\/wp-json\/wp\/v2\/posts"}],"about":[{"href":"https:\/\/derechosinfronteras.pe\/ingles\/wp-json\/wp\/v2\/types\/post"}],"author":[{"embeddable":true,"href":"https:\/\/derechosinfronteras.pe\/ingles\/wp-json\/wp\/v2\/users\/1"}],"replies":[{"embeddable":true,"href":"https:\/\/derechosinfronteras.pe\/ingles\/wp-json\/wp\/v2\/comments?post=4649"}],"version-history":[{"count":0,"href":"https:\/\/derechosinfronteras.pe\/ingles\/wp-json\/wp\/v2\/posts\/4649\/revisions"}],"wp:featuredmedia":[{"embeddable":true,"href":"https:\/\/derechosinfronteras.pe\/ingles\/wp-json\/wp\/v2\/media\/4650"}],"wp:attachment":[{"href":"https:\/\/derechosinfronteras.pe\/ingles\/wp-json\/wp\/v2\/media?parent=4649"}],"wp:term":[{"taxonomy":"category","embeddable":true,"href":"https:\/\/derechosinfronteras.pe\/ingles\/wp-json\/wp\/v2\/categories?post=4649"},{"taxonomy":"post_tag","embeddable":true,"href":"https:\/\/derechosinfronteras.pe\/ingles\/wp-json\/wp\/v2\/tags?post=4649"}],"curies":[{"name":"wp","href":"https:\/\/api.w.org\/{rel}","templated":true}]}}