{"id":4651,"date":"2018-07-06T14:05:14","date_gmt":"2018-07-06T19:05:14","guid":{"rendered":"http:\/\/derechosinfronteras.pe\/?p=3970"},"modified":"2018-07-06T14:05:14","modified_gmt":"2018-07-06T19:05:14","slug":"esterilizaciones-forzadas-de-cuando-la-justicia-las-vulnera","status":"publish","type":"post","link":"https:\/\/derechosinfronteras.pe\/ingles\/esterilizaciones-forzadas-de-cuando-la-justicia-las-vulnera\/","title":{"rendered":"Esterilizaciones Forzadas: el largo camino a la justicia"},"content":{"rendered":"<p style=\"text-align: right;\"><strong>Por Mart\u00edn L\u00f3pez &#8211; Comunicaci\u00f3n e Incidencia DHSF<\/strong><\/p>\n<p>Para las peruanas y peruanos, la palabra JUSTICIA es casi inexistente, pareciera que estuvi\u00e9ramos viviendo la d\u00e9cada de la corrupci\u00f3n, y ante tantas denuncias y evidencias, el sistema judicial no act\u00faa, peor aun cuando se trata de defender los derechos fundamentales de las mujeres, un agresor o violador puede salir libre el mismo d\u00eda que fue detenido, \u00bfCu\u00e1l es, entonces, la situaci\u00f3n judicial de las miles de mujeres que fueron esterilizadas en contra su voluntad, durante el gobierno de Fujimori?<\/p>\n<p>En julio del 2016, La fiscal Marcelita Guti\u00e9rrez dispuso el archivamiento de la denuncia penal contra Fujimori por el caso de las esterilizaciones, y en diciembre del mismo a\u00f1o nuevamente se declara el archivamiento de 77 denuncias que no hab\u00edan sido consideradas en la resoluci\u00f3n emitida en julio. Con 17 a\u00f1os de procesos legales, sumado el indulto a Fujimori, no hab\u00eda escenario de esperanza para las v\u00edctimas, hasta que el \u00faltimo 25 de abril, el fiscal superior Luis Landa orden\u00f3 denunciar a Alberto Fujimori, y a su es ex ministros, as\u00ed como al ex director del Programa Nacional de Planificaci\u00f3n Familiar, Jorge Parra Vergara; y el ex asesor del sector, Ulises Jorge Aguilar como autores mediatos en los casos de esterilizaciones forzadas de Mam\u00e9rita Mestanza, Celia Ramos y otras tres v\u00edctimas, es decir solo ser\u00edan nuevamente procesados por cinco casos, el de Mam\u00e9rita es uno de los casos m\u00e1s simb\u00f3licos y representativos de las esterilizaciones forzadas.<\/p>\n<p>Cabe se\u00f1alar, que esta decisi\u00f3n es una respuesta a las quejas interpuestas por la defensa ante la decisi\u00f3n de archivar el caso. Adem\u00e1s, Landa orden\u00f3 denunciar a Fujimori, exministros y exdirectores del programa como co-autores por lesiones graves en contexto de violaciones a los derechos humanos en agravio de Victoria Vigo, In\u00e9s Condori y 2164 mujeres m\u00e1s que figuran en la denuncia fiscal.<\/p>\n<p>El fiscal superior Landa tambi\u00e9n orden\u00f3 denunciar a Segundo Henry Aliaga Pinedo quien se desempe\u00f1\u00f3 como Director General de la Regi\u00f3n Salud IV de Cajamarca y otros coautores mediatos por lesiones graves en contexto de violaciones a los derechos humanos.<\/p>\n<p>En este momento del proceso, la responsabilidad de la investigaci\u00f3n regresa a la Fiscal Marcelita Guti\u00e9rrez. La persistencia de las mujeres v\u00edctimas ha logrado que el sistema judicial les d\u00e9 una luz de esperanza para que los culpables de los delitos que cometieron contra ellas puedan tener una sanci\u00f3n social y judicial. Existen miles de casos que no se han judicializado. De declarar una sentencia condenatoria contra Fujimori, este podr\u00eda volver a prisi\u00f3n. \u00bfTerminar\u00e1 en un nuevo archivamiento este nuevo proceso? Los miles de testimonios y las inscripciones al REVIESFO \u00bfNo son suficientes pruebas para declarar culpables a los procesados?<\/p>\n<p>23 a\u00f1os han pasado desde que se inici\u00f3 la implementaci\u00f3n del Programa Nacional de Salud Reproductiva y Planificaci\u00f3n Familiar, cuya implementaci\u00f3n termin\u00f3 por violar los derechos de miles de mujeres y hombres que fueron esterilizados en contra de su voluntad, como ya hemos dicho l\u00edneas arriba, las v\u00edctimas eran quechuahablentes, pobres, analfabetas, afrodescendientes o parte de una comunidad originaria andina o amaz\u00f3nica, es decir, dicho programa ten\u00eda el objetivo de promover el desarrollo econ\u00f3mico a trav\u00e9s del control demogr\u00e1fico, sin importar la constante vulneraci\u00f3n de derechos que sufrieron mujeres y hombres de diferentes partes del pa\u00eds. EL PNSRPF fue el la pol\u00edtica p\u00fablica m\u00e1s violento que se instaur\u00f3 en Am\u00e9rica Latina , no s\u00f3lo porque las esterilizaciones se realizaron sin el consentimiento de las personas, sino que las condiciones m\u00e9dicas en las que se realizan eran totalmente deplorables.<\/p>\n<p>Hist\u00f3ricamente, el fujimorismo, medios de comunicaci\u00f3n y algunos l\u00edderes de opini\u00f3n se han pronunciado a favor de la medida optada por el gobierno de Alberto Fujimori, y con esta postura han intentado silenciar la b\u00fasqueda de justicia y reparaci\u00f3n de las mujeres que han sido v\u00edctimas de las esterilizaciones.<\/p>\n<p>Esta situaci\u00f3n, y las pocos historias que hemos escuchado sobre las mujeres y hombres que fueron v\u00edctimas de esterilizaciones forzadas, nos deber\u00edan movilizar a asumir un compromiso de vigilancia para que el proceso judicial lleve su curso y que los culpables tengan una sanci\u00f3n, pero tambi\u00e9n nos exhorta a construir, juntas y juntos, un pa\u00eds con memoria colectiva, un pa\u00eds que no olvida, un pa\u00eds capaz de generar redes de solidaridad con quienes el gobierno y los grupos de poder vulneran sus derechos, estamos permanentemente desafiados a estar informados y cuestionar un sistema que est\u00e1 empezando a normalizar la impunidad, la violencia, la corrupci\u00f3n y la violaci\u00f3n de los derechos humanos.<\/p>\n<div class=\"fb-post\" data-href=\"https:\/\/www.facebook.com\/derechossinfronteras.pe\/posts\/1693802287404959\" data-width=\"552\" style=\"background-color: #fff; display: inline-block;\"><\/div>","protected":false},"excerpt":{"rendered":"<p>Por Mart\u00edn L\u00f3pez &#8211; Comunicaci\u00f3n e Incidencia DHSF Para las peruanas y peruanos, la palabra JUSTICIA es casi inexistente, pareciera que estuvi\u00e9ramos viviendo la d\u00e9cada de la corrupci\u00f3n, y ante tantas denuncias y evidencias, el sistema judicial no act\u00faa, peor aun cuando se trata de defender los derechos fundamentales de las mujeres, un agresor o [&hellip;]<\/p>\n","protected":false},"author":1,"featured_media":4652,"comment_status":"open","ping_status":"open","sticky":false,"template":"","format":"standard","meta":{"_monsterinsights_skip_tracking":false,"_monsterinsights_sitenote_active":false,"_monsterinsights_sitenote_note":"","_monsterinsights_sitenote_category":0,"_jetpack_memberships_contains_paid_content":false,"footnotes":"","jetpack_publicize_message":"","jetpack_publicize_feature_enabled":true,"jetpack_social_post_already_shared":false,"jetpack_social_options":{"image_generator_settings":{"template":"highway","default_image_id":0,"font":"","enabled":false},"version":2}},"categories":[1],"tags":[],"class_list":["post-4651","post","type-post","status-publish","format-standard","has-post-thumbnail","hentry","category-sin-categoria"],"blocksy_meta":[],"jetpack_publicize_connections":[],"jetpack_featured_media_url":"https:\/\/derechosinfronteras.pe\/wp-content\/uploads\/2018\/07\/esterilizadas-logo-e1530903893766.jpg","jetpack_sharing_enabled":true,"jetpack_likes_enabled":true,"_links":{"self":[{"href":"https:\/\/derechosinfronteras.pe\/ingles\/wp-json\/wp\/v2\/posts\/4651","targetHints":{"allow":["GET"]}}],"collection":[{"href":"https:\/\/derechosinfronteras.pe\/ingles\/wp-json\/wp\/v2\/posts"}],"about":[{"href":"https:\/\/derechosinfronteras.pe\/ingles\/wp-json\/wp\/v2\/types\/post"}],"author":[{"embeddable":true,"href":"https:\/\/derechosinfronteras.pe\/ingles\/wp-json\/wp\/v2\/users\/1"}],"replies":[{"embeddable":true,"href":"https:\/\/derechosinfronteras.pe\/ingles\/wp-json\/wp\/v2\/comments?post=4651"}],"version-history":[{"count":0,"href":"https:\/\/derechosinfronteras.pe\/ingles\/wp-json\/wp\/v2\/posts\/4651\/revisions"}],"wp:featuredmedia":[{"embeddable":true,"href":"https:\/\/derechosinfronteras.pe\/ingles\/wp-json\/wp\/v2\/media\/4652"}],"wp:attachment":[{"href":"https:\/\/derechosinfronteras.pe\/ingles\/wp-json\/wp\/v2\/media?parent=4651"}],"wp:term":[{"taxonomy":"category","embeddable":true,"href":"https:\/\/derechosinfronteras.pe\/ingles\/wp-json\/wp\/v2\/categories?post=4651"},{"taxonomy":"post_tag","embeddable":true,"href":"https:\/\/derechosinfronteras.pe\/ingles\/wp-json\/wp\/v2\/tags?post=4651"}],"curies":[{"name":"wp","href":"https:\/\/api.w.org\/{rel}","templated":true}]}}