{"id":4653,"date":"2018-07-05T14:20:52","date_gmt":"2018-07-05T19:20:52","guid":{"rendered":"http:\/\/derechosinfronteras.pe\/?p=3961"},"modified":"2018-07-05T14:20:52","modified_gmt":"2018-07-05T19:20:52","slug":"chumbivilcas-elaboran-agenda-que-responda-a-la-problematica-de-las-mujeres","status":"publish","type":"post","link":"https:\/\/derechosinfronteras.pe\/ingles\/chumbivilcas-elaboran-agenda-que-responda-a-la-problematica-de-las-mujeres\/","title":{"rendered":"Chumbivilcas: Elaboran agenda que responda a la problem\u00e1tica de las mujeres"},"content":{"rendered":"<p>Con gran inter\u00e9s y compromiso por las mujeres de la provincia de Chumbivilcas; la Asociaci\u00f3n Provincial de Mujeres Chumbivilcanas \u201cToribia Flores de Cutipa\u201d y la Liga Agraria Arcadio Hurtado Romero de Chumbivilcas, organizaron el pasado 27 de junio, el primer taller para la elaboraci\u00f3n de la Agenda de la Mujer Chumbivilcana, con el apoyo de Derechos Humanos Sin Fronteras y el colectivo de ONGs (Grupo Impulsor por la Gobernabilidad de Chumbivilcas) de la provincia.<\/p>\n<p>Se cont\u00f3 con la participaci\u00f3n de La Asociaci\u00f3n provincial de mujeres Chumbivilcanas Toribia Flores de Cutipa, Asociaci\u00f3n de Mujeres Afectadas por Esterilizaciones Forzadas del distrito de Velille, Asociaci\u00f3n de Mujeres de los distritos de Capacmarca, Colquemarca y Llusco, Defensor\u00edas Comunitarias \u201cKusy Qoyllor\u201d, Programa de Vaso de Leche del distrito de Santo Tomas, programa juntos.<\/p>\n<p>Adem\u00e1s, el taller tuvo momentos de exposiciones por Derechos Humanos Sin Fronteras, proyecto CISAL, Asociaci\u00f3n ARARIWA, con tem\u00e1ticas de inter\u00e9s como la igualdad de g\u00e9nero, la situaci\u00f3n de la mujer a nivel regional y provincial, econom\u00eda de cuidados en el marco de la violencia de g\u00e9nero, entre otros temas.<\/p>\n<p>Luego de ello se dio inicio a la construcci\u00f3n participativa de La Agenda Mujer Chumbivilcana conform\u00e1ndose grupos de trabajo para la identificaci\u00f3n de los principales problemas en los ejes: Salud, Derechos Sexuales y Derechos Reproductivos; Educaci\u00f3n y Cultura; Violencia de G\u00e9nero; Trabajo y Generaci\u00f3n de Ingresos; Recursos, Ambiente Seguridad Alimentaria y Participaci\u00f3n Pol\u00edtica y Ciudadan\u00eda<\/p>\n<p>Finalmente las organizaciones de mujeres de la provincia de Chumbivilcas expresaron su satisfacci\u00f3n por el trabajo realizado y como parte de este proceso se acord\u00f3 la realizaci\u00f3n del segundo taller el mi\u00e9rcoles 11 de julio-2018.<\/p>","protected":false},"excerpt":{"rendered":"<p>Con gran inter\u00e9s y compromiso por las mujeres de la provincia de Chumbivilcas; la Asociaci\u00f3n Provincial de Mujeres Chumbivilcanas \u201cToribia Flores de Cutipa\u201d y la Liga Agraria Arcadio Hurtado Romero de Chumbivilcas, organizaron el pasado 27 de junio, el primer taller para la elaboraci\u00f3n de la Agenda de la Mujer Chumbivilcana, con el apoyo de [&hellip;]<\/p>\n","protected":false},"author":1,"featured_media":4654,"comment_status":"open","ping_status":"open","sticky":false,"template":"","format":"standard","meta":{"_monsterinsights_skip_tracking":false,"_monsterinsights_sitenote_active":false,"_monsterinsights_sitenote_note":"","_monsterinsights_sitenote_category":0,"_jetpack_memberships_contains_paid_content":false,"footnotes":"","jetpack_publicize_message":"","jetpack_publicize_feature_enabled":true,"jetpack_social_post_already_shared":false,"jetpack_social_options":{"image_generator_settings":{"template":"highway","default_image_id":0,"font":"","enabled":false},"version":2}},"categories":[1],"tags":[],"class_list":["post-4653","post","type-post","status-publish","format-standard","has-post-thumbnail","hentry","category-sin-categoria"],"blocksy_meta":[],"jetpack_publicize_connections":[],"jetpack_featured_media_url":"https:\/\/derechosinfronteras.pe\/wp-content\/uploads\/2018\/07\/Reunion-Agenda-Mujer.jpg","jetpack_sharing_enabled":true,"jetpack_likes_enabled":true,"_links":{"self":[{"href":"https:\/\/derechosinfronteras.pe\/ingles\/wp-json\/wp\/v2\/posts\/4653","targetHints":{"allow":["GET"]}}],"collection":[{"href":"https:\/\/derechosinfronteras.pe\/ingles\/wp-json\/wp\/v2\/posts"}],"about":[{"href":"https:\/\/derechosinfronteras.pe\/ingles\/wp-json\/wp\/v2\/types\/post"}],"author":[{"embeddable":true,"href":"https:\/\/derechosinfronteras.pe\/ingles\/wp-json\/wp\/v2\/users\/1"}],"replies":[{"embeddable":true,"href":"https:\/\/derechosinfronteras.pe\/ingles\/wp-json\/wp\/v2\/comments?post=4653"}],"version-history":[{"count":0,"href":"https:\/\/derechosinfronteras.pe\/ingles\/wp-json\/wp\/v2\/posts\/4653\/revisions"}],"wp:featuredmedia":[{"embeddable":true,"href":"https:\/\/derechosinfronteras.pe\/ingles\/wp-json\/wp\/v2\/media\/4654"}],"wp:attachment":[{"href":"https:\/\/derechosinfronteras.pe\/ingles\/wp-json\/wp\/v2\/media?parent=4653"}],"wp:term":[{"taxonomy":"category","embeddable":true,"href":"https:\/\/derechosinfronteras.pe\/ingles\/wp-json\/wp\/v2\/categories?post=4653"},{"taxonomy":"post_tag","embeddable":true,"href":"https:\/\/derechosinfronteras.pe\/ingles\/wp-json\/wp\/v2\/tags?post=4653"}],"curies":[{"name":"wp","href":"https:\/\/api.w.org\/{rel}","templated":true}]}}