{"id":4657,"date":"2018-06-14T13:36:54","date_gmt":"2018-06-14T18:36:54","guid":{"rendered":"http:\/\/derechosinfronteras.pe\/?p=3939"},"modified":"2018-06-14T13:36:54","modified_gmt":"2018-06-14T18:36:54","slug":"cusco-gobierno-peruano-decide-no-ampliar-estado-de-emergencia-en-el-corredor-vial-minero-del-sur","status":"publish","type":"post","link":"https:\/\/derechosinfronteras.pe\/ingles\/cusco-gobierno-peruano-decide-no-ampliar-estado-de-emergencia-en-el-corredor-vial-minero-del-sur\/","title":{"rendered":"Cusco: Gobierno Peruano decide no ampliar Estado de Emergencia en el corredor vial minero del sur"},"content":{"rendered":"<p>Esta semana se cumpli\u00f3 el plazo de 60 d\u00edas de la pr\u00f3rroga del Estado de emergencia que declar\u00f3 Mart\u00edn Vizcarra en el corredor minero del sur, conformado por Cusco, Apur\u00edmac y Arequipa. Al parecer el gobierno ha decidido no continuar con estas medidas de excepci\u00f3n, que eran cuestionadas por los dirigentes de las organizaciones de base y comunidades que viven en torno al corredor. Hasta la fecha no existe ning\u00fan anuncio oficial de una nueva ampliaci\u00f3n de declaratoria.<\/p>\n<p>La decisi\u00f3n de no continuar con los Estados de emergencia en zonas donde existe actividad minera, abre un nuevo escenario para iniciar procesos de di\u00e1logo. \u2018De alguna manera, \u00e9sta decisi\u00f3n del gobierno de Vizcarra, recupera la tranquilidad en la poblaci\u00f3n, sobre todo para resolver los problemas y pensar en las agendas pendientes con las comunidades que viven en torno del corredor minero\u2019 se\u00f1al\u00f3 Luciano Ataucuri, presidente de la Federaci\u00f3n Interprovincial de Defensa Territorial y de Ambiente de Cotabambas \u2013 Chumbivilcas &#8211; Espinar &#8211; Paruro y Grau (FIDTACCHEPG).<\/p>\n<p>Para Ataucari, quien<a href=\"https:\/\/www.facebook.com\/derechossinfronteras.pe\/videos\/1603713349747187\/\" target=\"_blank\" rel=\"noopener\"> se ha pronunciado en diferentes oportunidades en contra de los Estados de emergencia<\/a> en el corredor minero y otros distritos de Cusco y Apur\u00edmac, el gobierno empieza a dar votos de confianza frente a una serie de injusticias de parte de las empresas mineras y por la presencia excesiva de miembros de la PNP y las FF.AA. \u2018Los dirigentes, las autoridades y las empresas mineras podr\u00e1n iniciar un proceso de di\u00e1logo, que es necesario y urgente, porque siguen existiendo injusticias en el corredor, lo m\u00e1s com\u00fan son los accidentes de los camiones que transportan los residuos de la actividad minera, cuando los pobladores quer\u00edan acercarse para fotografiar, inmediatamente eran repelados por los polic\u00edas y no se pod\u00edan hacer las denuncias respectivas\u2019 se\u00f1alo el dirigente.<\/p>\n<figure id=\"attachment_3944\" aria-describedby=\"caption-attachment-3944\" style=\"width: 1024px\" class=\"wp-caption alignnone\"><img fetchpriority=\"high\" decoding=\"async\" class=\"wp-image-3944 size-large\" src=\"http:\/\/derechosinfronteras.pe\/wp-content\/uploads\/2018\/06\/DSC_0176-1-1024x683.jpg\" alt=\"\" width=\"1024\" height=\"683\" \/><figcaption id=\"caption-attachment-3944\" class=\"wp-caption-text\">Luciano Ataucuri (Izquierda) e Hilarios Ccamerccoa (Derecha) se han pronunciado en diferentes oportunidades en contra de los Estados de Emergencia.<\/figcaption><\/figure>\n<p>Finalmente, Luciano Ataucuri manifest\u00f3 su preocupaci\u00f3n por confirmar con los dirigentes de las comunidades y de las provincias, que los polic\u00edas y militares efectivamente s\u00ed han abandonado la zona, pues sin Estado de Emergencia, su presencia en el corredor no tiene ning\u00fan fundamento.<\/p>\n<p>Desde <a href=\"https:\/\/www.facebook.com\/derechossinfronteras.pe\/\" target=\"_blank\" rel=\"noopener\">Derechos Humanos sin Fronteras<\/a>, saludamos la decisi\u00f3n del gobierno de no volver a extender el Estado de Emergencia, y exhortamos a que se reinicien los procesos de di\u00e1logo con las comunidades, distritos y provincias afectadas, y sobre todo que tom\u00e9 en serio las demandas de las poblaciones locales y que puedan subsanar las afectaciones medioambientales y la afectaci\u00f3n a sus derechos de las comunidades y poblaciones que viven en el corredor vial minero del sur.<\/p>","protected":false},"excerpt":{"rendered":"<p>Esta semana se cumpli\u00f3 el plazo de 60 d\u00edas de la pr\u00f3rroga del Estado de emergencia que declar\u00f3 Mart\u00edn Vizcarra en el corredor minero del sur, conformado por Cusco, Apur\u00edmac y Arequipa. Al parecer el gobierno ha decidido no continuar con estas medidas de excepci\u00f3n, que eran cuestionadas por los dirigentes de las organizaciones de [&hellip;]<\/p>\n","protected":false},"author":1,"featured_media":4658,"comment_status":"open","ping_status":"open","sticky":false,"template":"","format":"standard","meta":{"_monsterinsights_skip_tracking":false,"_monsterinsights_sitenote_active":false,"_monsterinsights_sitenote_note":"","_monsterinsights_sitenote_category":0,"_jetpack_memberships_contains_paid_content":false,"footnotes":"","jetpack_publicize_message":"","jetpack_publicize_feature_enabled":true,"jetpack_social_post_already_shared":false,"jetpack_social_options":{"image_generator_settings":{"template":"highway","default_image_id":0,"font":"","enabled":false},"version":2}},"categories":[1],"tags":[],"class_list":["post-4657","post","type-post","status-publish","format-standard","has-post-thumbnail","hentry","category-sin-categoria"],"blocksy_meta":[],"jetpack_publicize_connections":[],"jetpack_featured_media_url":"https:\/\/derechosinfronteras.pe\/wp-content\/uploads\/2018\/06\/Corredor-Minero3-e1529001909550.jpg","jetpack_sharing_enabled":true,"jetpack_likes_enabled":true,"_links":{"self":[{"href":"https:\/\/derechosinfronteras.pe\/ingles\/wp-json\/wp\/v2\/posts\/4657","targetHints":{"allow":["GET"]}}],"collection":[{"href":"https:\/\/derechosinfronteras.pe\/ingles\/wp-json\/wp\/v2\/posts"}],"about":[{"href":"https:\/\/derechosinfronteras.pe\/ingles\/wp-json\/wp\/v2\/types\/post"}],"author":[{"embeddable":true,"href":"https:\/\/derechosinfronteras.pe\/ingles\/wp-json\/wp\/v2\/users\/1"}],"replies":[{"embeddable":true,"href":"https:\/\/derechosinfronteras.pe\/ingles\/wp-json\/wp\/v2\/comments?post=4657"}],"version-history":[{"count":0,"href":"https:\/\/derechosinfronteras.pe\/ingles\/wp-json\/wp\/v2\/posts\/4657\/revisions"}],"wp:featuredmedia":[{"embeddable":true,"href":"https:\/\/derechosinfronteras.pe\/ingles\/wp-json\/wp\/v2\/media\/4658"}],"wp:attachment":[{"href":"https:\/\/derechosinfronteras.pe\/ingles\/wp-json\/wp\/v2\/media?parent=4657"}],"wp:term":[{"taxonomy":"category","embeddable":true,"href":"https:\/\/derechosinfronteras.pe\/ingles\/wp-json\/wp\/v2\/categories?post=4657"},{"taxonomy":"post_tag","embeddable":true,"href":"https:\/\/derechosinfronteras.pe\/ingles\/wp-json\/wp\/v2\/tags?post=4657"}],"curies":[{"name":"wp","href":"https:\/\/api.w.org\/{rel}","templated":true}]}}