{"id":4659,"date":"2018-06-12T16:25:13","date_gmt":"2018-06-12T21:25:13","guid":{"rendered":"http:\/\/derechosinfronteras.pe\/?p=3930"},"modified":"2018-06-12T16:25:13","modified_gmt":"2018-06-12T21:25:13","slug":"espinar-personas-con-metales-toxicos-discuten-futura-politica-de-salud-ambiental","status":"publish","type":"post","link":"https:\/\/derechosinfronteras.pe\/ingles\/espinar-personas-con-metales-toxicos-discuten-futura-politica-de-salud-ambiental\/","title":{"rendered":"Espinar: Personas con metales t\u00f3xicos discuten futura pol\u00edtica de salud ambiental"},"content":{"rendered":"<p>El pasado 06 de junio en la provincia cusque\u00f1a de Espinar, las y los afectados por metales t\u00f3xicos participaron del\u00a0<strong>\u201cTaller de validaci\u00f3n de la propuesta para el desarrollo de una pol\u00edtica de salud ambiental y humana\u201d<\/strong>, proceso que se viene realizando en varias zonas de nuestro pa\u00eds, como Cun\u00ednico, Cerro de Pasco, Hualgayoc, entre otros.<\/p>\n<p>Como se recuerda, en noviembre del 2017, en Lima se llev\u00f3 a cabo el primer encuentro de afectados por metales pesados, en el que participaron representantes de varias regiones de nuestro pa\u00eds donde se realizan actividades extractivas (tanto mineras como de hidrocarburos). Esta actividad, impulsada por los mismos afectados y por diferentes instituciones,\u00a0permiti\u00f3 construir una agenda en com\u00fan por parte de los representantes de las regiones.<\/p>\n<p>A partir de ello, se han tenido reuniones con varios ministros de salud quienes estuvieron por corto tiempo asumiendo los cargos, debido a la crisis pol\u00edtica que atraviesa nuestro pa\u00eds. Se han tenido acuerdos y compromisos para atender a las poblaciones afectadas por metales t\u00f3xicos, pero no se han hecho efectivos, sin embargo un hecho que apoya a este proceso fue el plant\u00f3n que realizaron los pobladores de Cerro de Pasco, el cual trajo consigo la publicaci\u00f3n de la R.M. 168-2018\/MINSA para Conformar la Comisi\u00f3n Multisectorial encargada de elaborar y proponer la<strong> \u201cPol\u00edtica Nacional para la atenci\u00f3n integral de las personas expuestas a metales pesados, metaloides y sustancias qu\u00edmicas\u201d<\/strong>.<\/p>\n<p>Frente a ello el grupo t\u00e9cnico que acompa\u00f1a a los afectados de salud elaboramos una \u201cPropuesta para el desarrollo de una Pol\u00edtica de Salud Ambiental y Humana para la atenci\u00f3n de poblaciones afectadas por metales, metaloides y otras sustancias qu\u00edmicas t\u00f3xicas\u201d, el cual necesita ser validado por las mismas comunidades afectadas para que as\u00ed sea llevado, presentado y expuesto en una siguiente reuni\u00f3n con la ministra de salud Silvia Pessah y los miembros que conforman esta comisi\u00f3n y as\u00ed poder contribuir en la construcci\u00f3n de una pol\u00edtica que realmente incluya a la sociedad civil en este tipo de procesos.<\/p>\n<p>Los principales objetivos de este taller de validaci\u00f3n fue el de:<\/p>\n<p>* Informar sobre los avances en materia de salud a partir del encuentro de afectados nacional.<\/p>\n<p>* Fortalecer las capacidades de los participantes sobre los conceptos m\u00e1s usados en materia de salud ambiental y humana.<\/p>\n<p>* Presentar y compartir la propuesta de Pol\u00edtica de Salud Ambiental y Humana para la atenci\u00f3n de poblaciones afectadas por metales, metaloides y otras sustancias qu\u00edmicas t\u00f3xicas.<\/p>\n<p>Consideramos que estos procesos fortalecen el trabajo que realizamos las instituciones acompa\u00f1antes para poder dar un mejor enfoque de trabajo integral con las comunidades quienes ser\u00e1n los principales beneficiados de una atenci\u00f3n de salud correcta y eficaz.<\/p>","protected":false},"excerpt":{"rendered":"<p>El pasado 06 de junio en la provincia cusque\u00f1a de Espinar, las y los afectados por metales t\u00f3xicos participaron del\u00a0\u201cTaller de validaci\u00f3n de la propuesta para el desarrollo de una pol\u00edtica de salud ambiental y humana\u201d, proceso que se viene realizando en varias zonas de nuestro pa\u00eds, como Cun\u00ednico, Cerro de Pasco, Hualgayoc, entre otros. [&hellip;]<\/p>\n","protected":false},"author":1,"featured_media":4660,"comment_status":"open","ping_status":"open","sticky":false,"template":"","format":"standard","meta":{"_monsterinsights_skip_tracking":false,"_monsterinsights_sitenote_active":false,"_monsterinsights_sitenote_note":"","_monsterinsights_sitenote_category":0,"_jetpack_memberships_contains_paid_content":false,"footnotes":"","jetpack_publicize_message":"","jetpack_publicize_feature_enabled":true,"jetpack_social_post_already_shared":false,"jetpack_social_options":{"image_generator_settings":{"template":"highway","default_image_id":0,"font":"","enabled":false},"version":2}},"categories":[1],"tags":[],"class_list":["post-4659","post","type-post","status-publish","format-standard","has-post-thumbnail","hentry","category-sin-categoria"],"blocksy_meta":[],"jetpack_publicize_connections":[],"jetpack_featured_media_url":"https:\/\/derechosinfronteras.pe\/wp-content\/uploads\/2018\/06\/Taller-de-Validacion-e1528827237121.jpg","jetpack_sharing_enabled":true,"jetpack_likes_enabled":true,"_links":{"self":[{"href":"https:\/\/derechosinfronteras.pe\/ingles\/wp-json\/wp\/v2\/posts\/4659","targetHints":{"allow":["GET"]}}],"collection":[{"href":"https:\/\/derechosinfronteras.pe\/ingles\/wp-json\/wp\/v2\/posts"}],"about":[{"href":"https:\/\/derechosinfronteras.pe\/ingles\/wp-json\/wp\/v2\/types\/post"}],"author":[{"embeddable":true,"href":"https:\/\/derechosinfronteras.pe\/ingles\/wp-json\/wp\/v2\/users\/1"}],"replies":[{"embeddable":true,"href":"https:\/\/derechosinfronteras.pe\/ingles\/wp-json\/wp\/v2\/comments?post=4659"}],"version-history":[{"count":0,"href":"https:\/\/derechosinfronteras.pe\/ingles\/wp-json\/wp\/v2\/posts\/4659\/revisions"}],"wp:featuredmedia":[{"embeddable":true,"href":"https:\/\/derechosinfronteras.pe\/ingles\/wp-json\/wp\/v2\/media\/4660"}],"wp:attachment":[{"href":"https:\/\/derechosinfronteras.pe\/ingles\/wp-json\/wp\/v2\/media?parent=4659"}],"wp:term":[{"taxonomy":"category","embeddable":true,"href":"https:\/\/derechosinfronteras.pe\/ingles\/wp-json\/wp\/v2\/categories?post=4659"},{"taxonomy":"post_tag","embeddable":true,"href":"https:\/\/derechosinfronteras.pe\/ingles\/wp-json\/wp\/v2\/tags?post=4659"}],"curies":[{"name":"wp","href":"https:\/\/api.w.org\/{rel}","templated":true}]}}