{"id":4661,"date":"2018-06-11T13:12:04","date_gmt":"2018-06-11T18:12:04","guid":{"rendered":"http:\/\/derechosinfronteras.pe\/?p=3926"},"modified":"2018-06-11T13:12:04","modified_gmt":"2018-06-11T18:12:04","slug":"paruro-exitoso-congreso-de-organizaciones-juveniles","status":"publish","type":"post","link":"https:\/\/derechosinfronteras.pe\/ingles\/paruro-exitoso-congreso-de-organizaciones-juveniles\/","title":{"rendered":"Paruro: Exitoso congreso de organizaciones juveniles"},"content":{"rendered":"<p>11 de junio. En el distrito de Yaurisque, las organizaciones de j\u00f3venes, instituciones educativas del nivel secundario y poblaci\u00f3n Parure\u00f1a, formaron parte del VII CONGRESO PROVINCIAL DE LA ORGANIZACI\u00d3N DE J\u00d3VENES DE LA PROVINCIA DE PARURO, denominado \u201cWaynakuna kuska purisun Musuq Kawsayta maskhaspa llaqtanchis rayku\u201d, el mismo que se llev\u00f3 a cabo el 08 y 09 de junio del a\u00f1o en curso.<\/p>\n<p>Despu\u00e9s de ponencias en diversas tem\u00e1ticas de inter\u00e9s de los j\u00f3venes, se llevaron acabo trabajos de discusi\u00f3n y planteamiento de propuestas sobre espacios de participaci\u00f3n juvenil, identidad cultural y tecnolog\u00eda, derecho y acceso a la justicia, medio ambiente, acceso al agua y territorio.<\/p>\n<p>As\u00ed mismo se cont\u00f3 con la participaci\u00f3n de Armando Villanueva y Edgar Ochoa, ambos, Congresistas de la Rep\u00fablica por Cusco, quienes compartieron con los asistentes un an\u00e1lisis sobre la realidad nacional, regional y local. El congreso concluy\u00f3 con la renovaci\u00f3n de la junta directiva de la organizaci\u00f3n provincial de j\u00f3venes de Paruro.<\/p>","protected":false},"excerpt":{"rendered":"<p>11 de junio. En el distrito de Yaurisque, las organizaciones de j\u00f3venes, instituciones educativas del nivel secundario y poblaci\u00f3n Parure\u00f1a, formaron parte del VII CONGRESO PROVINCIAL DE LA ORGANIZACI\u00d3N DE J\u00d3VENES DE LA PROVINCIA DE PARURO, denominado \u201cWaynakuna kuska purisun Musuq Kawsayta maskhaspa llaqtanchis rayku\u201d, el mismo que se llev\u00f3 a cabo el 08 y [&hellip;]<\/p>\n","protected":false},"author":1,"featured_media":4662,"comment_status":"open","ping_status":"open","sticky":false,"template":"","format":"standard","meta":{"_monsterinsights_skip_tracking":false,"_monsterinsights_sitenote_active":false,"_monsterinsights_sitenote_note":"","_monsterinsights_sitenote_category":0,"_jetpack_memberships_contains_paid_content":false,"footnotes":"","jetpack_publicize_message":"","jetpack_publicize_feature_enabled":true,"jetpack_social_post_already_shared":false,"jetpack_social_options":{"image_generator_settings":{"template":"highway","default_image_id":0,"font":"","enabled":false},"version":2}},"categories":[1],"tags":[],"class_list":["post-4661","post","type-post","status-publish","format-standard","has-post-thumbnail","hentry","category-sin-categoria"],"blocksy_meta":[],"jetpack_publicize_connections":[],"jetpack_featured_media_url":"https:\/\/derechosinfronteras.pe\/wp-content\/uploads\/2018\/06\/IMG_7841-e1528740681869.jpg","jetpack_sharing_enabled":true,"jetpack_likes_enabled":true,"_links":{"self":[{"href":"https:\/\/derechosinfronteras.pe\/ingles\/wp-json\/wp\/v2\/posts\/4661","targetHints":{"allow":["GET"]}}],"collection":[{"href":"https:\/\/derechosinfronteras.pe\/ingles\/wp-json\/wp\/v2\/posts"}],"about":[{"href":"https:\/\/derechosinfronteras.pe\/ingles\/wp-json\/wp\/v2\/types\/post"}],"author":[{"embeddable":true,"href":"https:\/\/derechosinfronteras.pe\/ingles\/wp-json\/wp\/v2\/users\/1"}],"replies":[{"embeddable":true,"href":"https:\/\/derechosinfronteras.pe\/ingles\/wp-json\/wp\/v2\/comments?post=4661"}],"version-history":[{"count":0,"href":"https:\/\/derechosinfronteras.pe\/ingles\/wp-json\/wp\/v2\/posts\/4661\/revisions"}],"wp:featuredmedia":[{"embeddable":true,"href":"https:\/\/derechosinfronteras.pe\/ingles\/wp-json\/wp\/v2\/media\/4662"}],"wp:attachment":[{"href":"https:\/\/derechosinfronteras.pe\/ingles\/wp-json\/wp\/v2\/media?parent=4661"}],"wp:term":[{"taxonomy":"category","embeddable":true,"href":"https:\/\/derechosinfronteras.pe\/ingles\/wp-json\/wp\/v2\/categories?post=4661"},{"taxonomy":"post_tag","embeddable":true,"href":"https:\/\/derechosinfronteras.pe\/ingles\/wp-json\/wp\/v2\/tags?post=4661"}],"curies":[{"name":"wp","href":"https:\/\/api.w.org\/{rel}","templated":true}]}}