{"id":4667,"date":"2018-06-06T18:14:33","date_gmt":"2018-06-06T23:14:33","guid":{"rendered":"http:\/\/derechosinfronteras.pe\/?p=3904"},"modified":"2018-06-06T18:14:33","modified_gmt":"2018-06-06T23:14:33","slug":"la-verdad-de-las-mujeres-esterilizadas-forzadamente-y-su-derecho-a-las-reparaciones-integrales","status":"publish","type":"post","link":"https:\/\/derechosinfronteras.pe\/ingles\/la-verdad-de-las-mujeres-esterilizadas-forzadamente-y-su-derecho-a-las-reparaciones-integrales\/","title":{"rendered":"La verdad de las mujeres esterilizadas forzadamente y su derecho a las reparaciones integrales"},"content":{"rendered":"<p style=\"text-align: right;\">*Escribe Emilia Salazar &#8211; GREF Grupo de Seguimiento a las Reparaciones por Esterilizaciones Forzadas<\/p>\n<p>Las esterilizaciones forzadas en el Per\u00fa constituyeron una grave violaci\u00f3n a los derechos humanos de miles de mujeres. Fue un ataque generalizado sistem\u00e1tico del Estado contra m\u00e1s de 200 mil mujeres ind\u00edgenas, andinas y amaz\u00f3nicas -en su mayor\u00eda analfabeta y en situaci\u00f3n de pobreza; quienes fueron sometidas a operaciones quir\u00fargicas sin su consentimiento, violando su derecho al consentimiento previo, libre e informado. A pesar que han transcurrido m\u00e1s de 20 a\u00f1os de estos terribles sucesos las v\u00edctimas contin\u00faan padeciendo de m\u00faltiples afectaciones en sus vidas, secuelas en su salud y en la actualidad contin\u00faan luchando por justicia y reparaci\u00f3n. En esa medida, el pasado 14 y 15 de marzo se realiz\u00f3 en Lima el II Encuentro Nacional de mujeres v\u00edctimas de esterilizaciones forzadas.<\/p>\n<p>El encuentro, que fue organizado por el Grupo de Seguimiento a las Reparaciones por Esterilizaciones forzadas \u2013 GREF, cont\u00f3 con la participaci\u00f3n de m\u00e1s de 20 mujeres sobrevivientes de Iquitos,\u00a0Pucallpa, Cajamarca, Piura, Cusco, Ayacucho, Jun\u00edn,\u00a0Huancavelica, Hu\u00e1nuco y Lima que reafirmaron su lucha y compromiso en la b\u00fasqueda de verdad, justicia y reparaci\u00f3n.<\/p>\n<p>Sus demandas se materializaron en un Manifiesto donde reafirmaron que fueron \u201cmiles las mujeres afectadas y v\u00edctimas de una pol\u00edtica p\u00fablica de gobierno de Fujimori perpetr\u00e1ndose un crimen de lesa humanidad mediante esterilizaci\u00f3n masiva y forzadas a sus cuerpos\u201d.<br \/>\nUno de sus principales pedidos gir\u00f3 en torno a la implementaci\u00f3n de una pol\u00edtica de reparaciones\u00a0integrales cuyo proceso de construcci\u00f3n debe contar con la participaci\u00f3n de las v\u00edctimas, organizaciones de la sociedad civil y los ministerios competentes. En diciembre del 2016, el Estado peruano se comprometi\u00f3 en la reuni\u00f3n de seguimiento del Acuerdo de Soluci\u00f3n Amistosa por el caso de Mam\u00e9rita Mestanza a convocar a una mesa de trabajo para que se inicie la ejecuci\u00f3n de una pol\u00edtica de reparaciones integrales; sin embargo, a la fecha no hay avance alguno.<\/p>\n<p>La reparaci\u00f3n es un gesto y una acci\u00f3n que\u00a0reconoce y reafirma la dignidad y el estatus de las personas, en este caso de las mujeres v\u00edctimas de esterilizaciones forzadas durante el gobierno de Fujimori. Todas las v\u00edctimas de graves violaciones a los derechos humanos tienen derecho a recibir una reparaci\u00f3n adecuada, efectiva y pronta. Este<br \/>\nderecho de las v\u00edctimas trae consigo el deber del Estado de reconocer y responder ante estas violaciones a los derechos humanos en los casos en los implique su responsabilidad.<\/p>\n<p>Las exigencias de las mujeres del II Encuentro\u00a0estuvieron dirigidas al actual gobierno y las autoridades de turno para establecer compromisos y\u00a0lograr \u201catenci\u00f3n m\u00e9dica especializada para su salud f\u00edsica y mental, as\u00ed como difusi\u00f3n de cronograma de atenci\u00f3n para las mujeres en cada una de sus\u00a0comunidades\u201d, \u201cintegraci\u00f3n de v\u00edctimas a programas sociales del Ministerio de Inclusi\u00f3n\u201d,\u00a0\u201cimplementaci\u00f3n de un programa productivo para la\u00a0identificaci\u00f3n de oportunidades para comercializaci\u00f3n de productos elaborados por las mujeres registradas en el REVIESFO\u201d, \u201ccontrataci\u00f3n y capacitaci\u00f3n del personal de los Centros de Emergencia Mujer para la atenci\u00f3n psicol\u00f3gica y acompa\u00f1amiento psicosocial de las v\u00edctimas tomando en cuenta sus circunstancias y condiciones particulares\u201d, \u201ccumplimiento de reparaci\u00f3n integral en educaci\u00f3n para Almanzor Salazar Mestanza, hijo de Mam\u00e9rita Mestanza, y de la totalidad de hijas e hijos de v\u00edctimas\u201d. Estos pedidos se encuentran\u00a0dirigidos a las instituciones competentes: el Ministerio de Salud, el Ministerio de Desarrollo e Inclusi\u00f3n Social, el Ministerio de Trabajo, el Ministerio de la Mujer y Publaciones Vulnerables y el Ministerio de Educaci\u00f3n.<\/p>\n<p>Por otro lado, al Ministerio de Justicia \u2013encargada del REVIESFO- exigieron: 1) Mesas de di\u00e1logo para iniciar la elaboraci\u00f3n de la pol\u00edtica integral de reparaciones para las mujeres v\u00edctimas de esterilizaciones forzadas, 2) Activaci\u00f3n y publicaci\u00f3n de programaci\u00f3n anual de campa\u00f1as difusi\u00f3n a nivel nacional del REVIESFO y hacerlas llegar a cada una de las regiones a trav\u00e9s de las autoridades locales, 3) Atenci\u00f3n de las v\u00edctimas por parte de abogadas\/os p\u00fablicos independientemente si las mujeres cuentan con su historia cl\u00ednica y 4) Mayor presupuesto p\u00fablico para el registro de mujeres v\u00edctimas deesterilizaciones forzada y la contrataci\u00f3n de abogados\/as de defensa p\u00fablica que apoyen a mujeres a\u00a0procesar su denuncia.<\/p>\n<p>Las mujeres dejaron claro que no quieren d\u00e1divas ni asistencialismo, reclaman una pol\u00edtica integral de reparaciones que comprenda m\u00faltiples programas para una atenci\u00f3n especializada. Una pol\u00edtica<br \/>\nintegral que permita guiar el accionar a corto y mediano plazo del Estado y de la sociedad civil orientada a sanar las lesiones de las que fueron v\u00edctimas y prevenir que el pasado no se repetir\u00e1.<\/p>","protected":false},"excerpt":{"rendered":"<p>*Escribe Emilia Salazar &#8211; GREF Grupo de Seguimiento a las Reparaciones por Esterilizaciones Forzadas Las esterilizaciones forzadas en el Per\u00fa constituyeron una grave violaci\u00f3n a los derechos humanos de miles de mujeres. Fue un ataque generalizado sistem\u00e1tico del Estado contra m\u00e1s de 200 mil mujeres ind\u00edgenas, andinas y amaz\u00f3nicas -en su mayor\u00eda analfabeta y en [&hellip;]<\/p>\n","protected":false},"author":1,"featured_media":4668,"comment_status":"open","ping_status":"open","sticky":false,"template":"","format":"standard","meta":{"_monsterinsights_skip_tracking":false,"_monsterinsights_sitenote_active":false,"_monsterinsights_sitenote_note":"","_monsterinsights_sitenote_category":0,"_jetpack_memberships_contains_paid_content":false,"footnotes":"","jetpack_publicize_message":"","jetpack_publicize_feature_enabled":true,"jetpack_social_post_already_shared":false,"jetpack_social_options":{"image_generator_settings":{"template":"highway","default_image_id":0,"font":"","enabled":false},"version":2}},"categories":[1],"tags":[],"class_list":["post-4667","post","type-post","status-publish","format-standard","has-post-thumbnail","hentry","category-sin-categoria"],"blocksy_meta":[],"jetpack_publicize_connections":[],"jetpack_featured_media_url":"https:\/\/derechosinfronteras.pe\/wp-content\/uploads\/2018\/06\/08-09-e1528326473891.jpg","jetpack_sharing_enabled":true,"jetpack_likes_enabled":true,"_links":{"self":[{"href":"https:\/\/derechosinfronteras.pe\/ingles\/wp-json\/wp\/v2\/posts\/4667","targetHints":{"allow":["GET"]}}],"collection":[{"href":"https:\/\/derechosinfronteras.pe\/ingles\/wp-json\/wp\/v2\/posts"}],"about":[{"href":"https:\/\/derechosinfronteras.pe\/ingles\/wp-json\/wp\/v2\/types\/post"}],"author":[{"embeddable":true,"href":"https:\/\/derechosinfronteras.pe\/ingles\/wp-json\/wp\/v2\/users\/1"}],"replies":[{"embeddable":true,"href":"https:\/\/derechosinfronteras.pe\/ingles\/wp-json\/wp\/v2\/comments?post=4667"}],"version-history":[{"count":0,"href":"https:\/\/derechosinfronteras.pe\/ingles\/wp-json\/wp\/v2\/posts\/4667\/revisions"}],"wp:featuredmedia":[{"embeddable":true,"href":"https:\/\/derechosinfronteras.pe\/ingles\/wp-json\/wp\/v2\/media\/4668"}],"wp:attachment":[{"href":"https:\/\/derechosinfronteras.pe\/ingles\/wp-json\/wp\/v2\/media?parent=4667"}],"wp:term":[{"taxonomy":"category","embeddable":true,"href":"https:\/\/derechosinfronteras.pe\/ingles\/wp-json\/wp\/v2\/categories?post=4667"},{"taxonomy":"post_tag","embeddable":true,"href":"https:\/\/derechosinfronteras.pe\/ingles\/wp-json\/wp\/v2\/tags?post=4667"}],"curies":[{"name":"wp","href":"https:\/\/api.w.org\/{rel}","templated":true}]}}