{"id":4669,"date":"2018-06-06T17:58:35","date_gmt":"2018-06-06T22:58:35","guid":{"rendered":"http:\/\/derechosinfronteras.pe\/?p=3902"},"modified":"2018-06-06T17:58:35","modified_gmt":"2018-06-06T22:58:35","slug":"chumvibilcas-renovacion-de-organizacion-de-mujeres","status":"publish","type":"post","link":"https:\/\/derechosinfronteras.pe\/ingles\/chumvibilcas-renovacion-de-organizacion-de-mujeres\/","title":{"rendered":"Chumvibilcas: Renovaci\u00f3n de organizaci\u00f3n de mujeres"},"content":{"rendered":"<p>Derechos Humanos Sin fronteras, acompa\u00f1o en la de renovaci\u00f3n de la junta directiva de la Asociaci\u00f3n Provincial de Mujeres Chumbivilcanas \u201cToribia Flores de Cutipa\u201d, como parte del proceso de fortalecimiento y empoderamiento de la organizaci\u00f3n; en el marco del congreso provincial de mujeres bajo el lema \u201cWarmikuna llapanchis puririsun \u00f1aupaqman\u201d \u201cmujeres todas juntas caminemos adelante\u201d, donde participaron m\u00e1s de 200 mujeres de la provincia de Chumbivilcas, la elecci\u00f3n de la junta directiva se realiz\u00f3 el lunes 16 de abril del presente a\u00f1o con representatividad de mujeres de la mayor\u00eda de los distritos de la provincia.<\/p>\n<p>JUNTA DIRECTIVA PARA EL PERIODO 2018-2019<\/p>\n<p>Presidenta: Felicitas Huillcara Vald\u00e9s<\/p>\n<p>Vicepresidenta: Catalina Huamani Huayhua<\/p>\n<p>Secretaria de actas: Hilda Jara C\u00e1rdenas<\/p>\n<p>Secretaria de econom\u00edas: Julia Lima Pati\u00f1o<\/p>\n<p>Secretaria de defensa: Sayda Romero Condori<\/p>\n<p>Secretaria de asistencia social: Frijida Huamani Anccasi<\/p>\n<p>Vocal: Yolanda Cuba Valencia<\/p>\n<p>Fiscal: Belarmina N\u00fa\u00f1ez Romero<\/p>\n<p>La Asociaci\u00f3n Provincial de Mujeres Chumbivilcas \u201cToribia Flores de Cutipa\u201d tiene m\u00e1s de 25 a\u00f1os de creaci\u00f3n y como uno de los principales objetivos tiene el de promover permanentemente la capacitaci\u00f3n de las mujeres en los niveles de educaci\u00f3n cultura, artesan\u00eda, salud, agricultura y cualquier otra forma de desarrollo personal, en ese sentido desde Derechos Humanos Sin Fronteras se particip\u00f3 con \u00e9l tema mujer en el cuidado del medio ambiente.<\/p>","protected":false},"excerpt":{"rendered":"<p>Derechos Humanos Sin fronteras, acompa\u00f1o en la de renovaci\u00f3n de la junta directiva de la Asociaci\u00f3n Provincial de Mujeres Chumbivilcanas \u201cToribia Flores de Cutipa\u201d, como parte del proceso de fortalecimiento y empoderamiento de la organizaci\u00f3n; en el marco del congreso provincial de mujeres bajo el lema \u201cWarmikuna llapanchis puririsun \u00f1aupaqman\u201d \u201cmujeres todas juntas caminemos adelante\u201d, [&hellip;]<\/p>\n","protected":false},"author":1,"featured_media":4670,"comment_status":"open","ping_status":"open","sticky":false,"template":"","format":"standard","meta":{"_monsterinsights_skip_tracking":false,"_monsterinsights_sitenote_active":false,"_monsterinsights_sitenote_note":"","_monsterinsights_sitenote_category":0,"_jetpack_memberships_contains_paid_content":false,"footnotes":"","jetpack_publicize_message":"","jetpack_publicize_feature_enabled":true,"jetpack_social_post_already_shared":false,"jetpack_social_options":{"image_generator_settings":{"template":"highway","default_image_id":0,"font":"","enabled":false},"version":2}},"categories":[1],"tags":[],"class_list":["post-4669","post","type-post","status-publish","format-standard","has-post-thumbnail","hentry","category-sin-categoria"],"blocksy_meta":[],"jetpack_publicize_connections":[],"jetpack_featured_media_url":"https:\/\/derechosinfronteras.pe\/wp-content\/uploads\/2018\/01\/23-y-24-1-e1515689828649.jpg","jetpack_sharing_enabled":true,"jetpack_likes_enabled":true,"_links":{"self":[{"href":"https:\/\/derechosinfronteras.pe\/ingles\/wp-json\/wp\/v2\/posts\/4669","targetHints":{"allow":["GET"]}}],"collection":[{"href":"https:\/\/derechosinfronteras.pe\/ingles\/wp-json\/wp\/v2\/posts"}],"about":[{"href":"https:\/\/derechosinfronteras.pe\/ingles\/wp-json\/wp\/v2\/types\/post"}],"author":[{"embeddable":true,"href":"https:\/\/derechosinfronteras.pe\/ingles\/wp-json\/wp\/v2\/users\/1"}],"replies":[{"embeddable":true,"href":"https:\/\/derechosinfronteras.pe\/ingles\/wp-json\/wp\/v2\/comments?post=4669"}],"version-history":[{"count":0,"href":"https:\/\/derechosinfronteras.pe\/ingles\/wp-json\/wp\/v2\/posts\/4669\/revisions"}],"wp:featuredmedia":[{"embeddable":true,"href":"https:\/\/derechosinfronteras.pe\/ingles\/wp-json\/wp\/v2\/media\/4670"}],"wp:attachment":[{"href":"https:\/\/derechosinfronteras.pe\/ingles\/wp-json\/wp\/v2\/media?parent=4669"}],"wp:term":[{"taxonomy":"category","embeddable":true,"href":"https:\/\/derechosinfronteras.pe\/ingles\/wp-json\/wp\/v2\/categories?post=4669"},{"taxonomy":"post_tag","embeddable":true,"href":"https:\/\/derechosinfronteras.pe\/ingles\/wp-json\/wp\/v2\/tags?post=4669"}],"curies":[{"name":"wp","href":"https:\/\/api.w.org\/{rel}","templated":true}]}}