{"id":4671,"date":"2018-06-06T17:50:29","date_gmt":"2018-06-06T22:50:29","guid":{"rendered":"http:\/\/derechosinfronteras.pe\/?p=3900"},"modified":"2018-06-06T17:50:29","modified_gmt":"2018-06-06T22:50:29","slug":"semana-de-salud-ambiental-en-lima-afectados-por-metales-toxicos-exigen-politicas-de-salud-especializadas","status":"publish","type":"post","link":"https:\/\/derechosinfronteras.pe\/ingles\/semana-de-salud-ambiental-en-lima-afectados-por-metales-toxicos-exigen-politicas-de-salud-especializadas\/","title":{"rendered":"Semana de Salud Ambiental en Lima: Afectados por metales t\u00f3xicos exigen pol\u00edticas de salud especializadas"},"content":{"rendered":"<p>El pasado 28 y 29 de noviembre del 2017 se llev\u00f3 a cabo el I Encuentro Nacional de Afectados por Metales Pesados en la ciudad de Lima, el encuentro fue promovido por organismos de la sociedad civil y por personas afectadas con metales t\u00f3xicos de diversas regiones del pa\u00eds, en ese marco Derechos Humanos Sin Fronteras viene acompa\u00f1ando a los afectados por metales t\u00f3xicos de Espinar desde hace varios a\u00f1os, estos pobladores conviven con la actividad minera desde hace 35 a\u00f1os y a la fecha todavia no han recibido atencion oportuna y especializada. La empresa que opera en Espinar es Glencore \u2013 Antapaccay.<\/p>\n<p>Las demandas de Espinar y especialmente de los afectados de salud han ido en torno a la contaminaci\u00f3n ambiental, solicitando agua de calidad, atenci\u00f3n especializada, y pol\u00edticas de salud que aborden sus principales preocupaciones, por ello es que se promovi\u00f3 un encuentro donde participaron diferentes representantes de casos emblem\u00e1ticos como Espinar, Cerro de Pasco, La Oroya, Bambamarca, San Mateo, Cun\u00ednico, Chiriaco y Puno. Todos ellos manifestaron y dieron testimonio del gran vac\u00edo en cuanto a la atenci\u00f3n en salud y el olvido que sienten por parte de las entidades competentes.<\/p>\n<p>Luego de compartir sus testimonios y discutir sus problem\u00e1ticas, acompa\u00f1ados por especialistas en salud ambiental, el evento culmin\u00f3 con una declaraci\u00f3n denominada: \u201cPropuesta de Agenda de los pueblos afectados por metales t\u00f3xicos para la defensa y recuperaci\u00f3n de la salud ambiental\u201d, documento que recoge sus problem\u00e1ticas, principales exigencias al Estado y los compromisos a desarrollar desde la sociedad civil para poder contribuir de manera id\u00f3nea a una pol\u00edtica de salud de atenci\u00f3n primaria y especializada con participaci\u00f3n activa de las comunidades afectadas por las actividades mineras en todo el pa\u00eds.<\/p>\n<p>Finalmente luego de participar en el encuentro nacional, los afectados lograron concretar reuniones estrat\u00e9gicas con representantes de la Defensor\u00eda del Pueblo, congresistas de la Comisi\u00f3n de Pueblos Andinos, Amaz\u00f3nicos y Afroperuanos, Ambiente y Ecolog\u00eda, el ex ministro de Salud Fernando D\u2019Alessio y representantes de las oficinas responsables del ministerio de Salud; esto para presentar la propuesta de agenda de los afectados y para que sea incluida en la pol\u00edtica que deben elaborar para atender a las poblaciones que conviven con actividades mineras y de hidrocarburos.<\/p>","protected":false},"excerpt":{"rendered":"<p>El pasado 28 y 29 de noviembre del 2017 se llev\u00f3 a cabo el I Encuentro Nacional de Afectados por Metales Pesados en la ciudad de Lima, el encuentro fue promovido por organismos de la sociedad civil y por personas afectadas con metales t\u00f3xicos de diversas regiones del pa\u00eds, en ese marco Derechos Humanos Sin [&hellip;]<\/p>\n","protected":false},"author":1,"featured_media":4672,"comment_status":"open","ping_status":"open","sticky":false,"template":"","format":"standard","meta":{"_monsterinsights_skip_tracking":false,"_monsterinsights_sitenote_active":false,"_monsterinsights_sitenote_note":"","_monsterinsights_sitenote_category":0,"_jetpack_memberships_contains_paid_content":false,"footnotes":"","jetpack_publicize_message":"","jetpack_publicize_feature_enabled":true,"jetpack_social_post_already_shared":false,"jetpack_social_options":{"image_generator_settings":{"template":"highway","default_image_id":0,"font":"","enabled":false},"version":2}},"categories":[1],"tags":[],"class_list":["post-4671","post","type-post","status-publish","format-standard","has-post-thumbnail","hentry","category-sin-categoria"],"blocksy_meta":[],"jetpack_publicize_connections":[],"jetpack_featured_media_url":"https:\/\/derechosinfronteras.pe\/wp-content\/uploads\/2017\/12\/minsa-02.jpg","jetpack_sharing_enabled":true,"jetpack_likes_enabled":true,"_links":{"self":[{"href":"https:\/\/derechosinfronteras.pe\/ingles\/wp-json\/wp\/v2\/posts\/4671","targetHints":{"allow":["GET"]}}],"collection":[{"href":"https:\/\/derechosinfronteras.pe\/ingles\/wp-json\/wp\/v2\/posts"}],"about":[{"href":"https:\/\/derechosinfronteras.pe\/ingles\/wp-json\/wp\/v2\/types\/post"}],"author":[{"embeddable":true,"href":"https:\/\/derechosinfronteras.pe\/ingles\/wp-json\/wp\/v2\/users\/1"}],"replies":[{"embeddable":true,"href":"https:\/\/derechosinfronteras.pe\/ingles\/wp-json\/wp\/v2\/comments?post=4671"}],"version-history":[{"count":0,"href":"https:\/\/derechosinfronteras.pe\/ingles\/wp-json\/wp\/v2\/posts\/4671\/revisions"}],"wp:featuredmedia":[{"embeddable":true,"href":"https:\/\/derechosinfronteras.pe\/ingles\/wp-json\/wp\/v2\/media\/4672"}],"wp:attachment":[{"href":"https:\/\/derechosinfronteras.pe\/ingles\/wp-json\/wp\/v2\/media?parent=4671"}],"wp:term":[{"taxonomy":"category","embeddable":true,"href":"https:\/\/derechosinfronteras.pe\/ingles\/wp-json\/wp\/v2\/categories?post=4671"},{"taxonomy":"post_tag","embeddable":true,"href":"https:\/\/derechosinfronteras.pe\/ingles\/wp-json\/wp\/v2\/tags?post=4671"}],"curies":[{"name":"wp","href":"https:\/\/api.w.org\/{rel}","templated":true}]}}