{"id":4673,"date":"2018-06-06T17:38:19","date_gmt":"2018-06-06T22:38:19","guid":{"rendered":"http:\/\/derechosinfronteras.pe\/?p=3897"},"modified":"2018-06-06T17:38:19","modified_gmt":"2018-06-06T22:38:19","slug":"presentacion-publica-de-documento-comparativo-de-monitoreos-ambientales","status":"publish","type":"post","link":"https:\/\/derechosinfronteras.pe\/ingles\/presentacion-publica-de-documento-comparativo-de-monitoreos-ambientales\/","title":{"rendered":"Presentaci\u00f3n p\u00fablica de documento comparativo de Monitoreos Ambientales"},"content":{"rendered":"<p>PRESENTACI\u00d3N P\u00daBLICA DEL DOCUMENTO INFORMATIVO DE \u201cAN\u00c1LISIS DE LOS MONITOREOS AMBIENTALES DE AGUAS SUPERFICIALES Y SUBTERR\u00c1NEAS DE ESPINAR ANA, OEFA Y CONTRAMUESTRA DE LA MUNICIPALIDAD PROVINCIAL DE ESPINAR DEL (2012 \u2013 2015)<\/p>\n<p>El pasado 27 de abril, en el marco del d\u00eda mundial del agua, Derechos Humanos Sin Fronteras present\u00f3 en la ciudad de Espinar el documento Informativo de \u201cAn\u00e1lisis de los monitoreos ambientales de aguas superficiales y subterr\u00e1neas de Espinar ANA, OEFA y Contramuestra de la Municipalidad Provincial de Espinar del 2012 a 2015\u201d, con el fin de facilitar el acceso a informaci\u00f3n t\u00e9cnica de manera sencilla a la poblaci\u00f3n Espinarence. En dicho documento muestra el an\u00e1lisis de los resultados de monitoreos de la calidad del agua de las cuencas antes mencionadas, aciertos y debilidades encontradas en los procesos de monitoreo y adem\u00e1s muestra los puntos cr\u00edticos y sugerencias para los siguientes monitoreos.<\/p>","protected":false},"excerpt":{"rendered":"<p>PRESENTACI\u00d3N P\u00daBLICA DEL DOCUMENTO INFORMATIVO DE \u201cAN\u00c1LISIS DE LOS MONITOREOS AMBIENTALES DE AGUAS SUPERFICIALES Y SUBTERR\u00c1NEAS DE ESPINAR ANA, OEFA Y CONTRAMUESTRA DE LA MUNICIPALIDAD PROVINCIAL DE ESPINAR DEL (2012 \u2013 2015) El pasado 27 de abril, en el marco del d\u00eda mundial del agua, Derechos Humanos Sin Fronteras present\u00f3 en la ciudad de Espinar [&hellip;]<\/p>\n","protected":false},"author":1,"featured_media":4674,"comment_status":"open","ping_status":"open","sticky":false,"template":"","format":"standard","meta":{"_monsterinsights_skip_tracking":false,"_monsterinsights_sitenote_active":false,"_monsterinsights_sitenote_note":"","_monsterinsights_sitenote_category":0,"_jetpack_memberships_contains_paid_content":false,"footnotes":"","jetpack_publicize_message":"","jetpack_publicize_feature_enabled":true,"jetpack_social_post_already_shared":false,"jetpack_social_options":{"image_generator_settings":{"template":"highway","default_image_id":0,"font":"","enabled":false},"version":2}},"categories":[1],"tags":[],"class_list":["post-4673","post","type-post","status-publish","format-standard","has-post-thumbnail","hentry","category-sin-categoria"],"blocksy_meta":[],"jetpack_publicize_connections":[],"jetpack_featured_media_url":"https:\/\/derechosinfronteras.pe\/wp-content\/uploads\/2018\/06\/WhatsApp-Image-2018-06-01-at-9.28.50-PM-e1528324656983.jpeg","jetpack_sharing_enabled":true,"jetpack_likes_enabled":true,"_links":{"self":[{"href":"https:\/\/derechosinfronteras.pe\/ingles\/wp-json\/wp\/v2\/posts\/4673","targetHints":{"allow":["GET"]}}],"collection":[{"href":"https:\/\/derechosinfronteras.pe\/ingles\/wp-json\/wp\/v2\/posts"}],"about":[{"href":"https:\/\/derechosinfronteras.pe\/ingles\/wp-json\/wp\/v2\/types\/post"}],"author":[{"embeddable":true,"href":"https:\/\/derechosinfronteras.pe\/ingles\/wp-json\/wp\/v2\/users\/1"}],"replies":[{"embeddable":true,"href":"https:\/\/derechosinfronteras.pe\/ingles\/wp-json\/wp\/v2\/comments?post=4673"}],"version-history":[{"count":0,"href":"https:\/\/derechosinfronteras.pe\/ingles\/wp-json\/wp\/v2\/posts\/4673\/revisions"}],"wp:featuredmedia":[{"embeddable":true,"href":"https:\/\/derechosinfronteras.pe\/ingles\/wp-json\/wp\/v2\/media\/4674"}],"wp:attachment":[{"href":"https:\/\/derechosinfronteras.pe\/ingles\/wp-json\/wp\/v2\/media?parent=4673"}],"wp:term":[{"taxonomy":"category","embeddable":true,"href":"https:\/\/derechosinfronteras.pe\/ingles\/wp-json\/wp\/v2\/categories?post=4673"},{"taxonomy":"post_tag","embeddable":true,"href":"https:\/\/derechosinfronteras.pe\/ingles\/wp-json\/wp\/v2\/tags?post=4673"}],"curies":[{"name":"wp","href":"https:\/\/api.w.org\/{rel}","templated":true}]}}